{"id":20827,"date":"2012-09-06T10:30:00","date_gmt":"2012-09-06T10:30:00","guid":{"rendered":"http:\/\/localhost:81\/wp1\/?p=20827"},"modified":"2012-09-06T10:30:00","modified_gmt":"2012-09-06T10:30:00","slug":"comunidade-mundial-de-meditacao-crista-2","status":"publish","type":"post","link":"https:\/\/sites.ecclesia.pt\/cv\/comunidade-mundial-de-meditacao-crista-2\/","title":{"rendered":"Comunidade Mundial de Medita\u00e7\u00e3o Crist\u00e3"},"content":{"rendered":"<p>http:\/\/www.meditacaocrista.com\/ <!--more--> Esta semana sugerimos uma visita atenta ao s\u00edtio da Comunidade Mundial de Medita\u00e7\u00e3o Crist\u00e3 \u2013 Portugal (CMMC).<\/p>\n<p>A CMMC foi criada em 1991 com o objetivo de transmitir os ensinamentos do monge beneditino John Main sobre esta forma de ora\u00e7\u00e3o. A Comunidade tem a sua sede em Londres \u2013 \u201cInternacional Centre\u201d \u2013 e muitos outros centros espalhados pelo mundo.<\/p>\n<p>O guia espiritual da comunidade \u00e9 o padre Laurence Freeman, um aluno de John Main, tamb\u00e9m monge beneditino. A Comunidade \u00e9 como que um \u201cmosteiro sem paredes\u201d, uma fam\u00edlia de comunidades nacionais de cerca de 100 pa\u00edses. A sua base \u00e9 o grupo de medita\u00e7\u00e3o local, que se re\u00fane semanalmente nas casas, par\u00f3quias, escrit\u00f3rios, hospitais, pris\u00f5es e escolas \u2013 um pouco por toda a parte onde haja pessoas a viver e em busca de acompanhamento espiritual.<\/p>\n<p>A Comunidade Mundial \u00e9 ecum\u00e9nica e est\u00e1 ao servi\u00e7o de uma unidade \u201ccat\u00f3lica\u201d, universal no seu di\u00e1logo, quer com outras igrejas crist\u00e3s, quer com outras religi\u00f5es ou tradi\u00e7\u00f5es. A Comunidade pretende promover e apoiar a pr\u00e1tica di\u00e1ria da medita\u00e7\u00e3o, dado o seu poder de transformar os cora\u00e7\u00f5es e assim mudar o mundo.<\/p>\n<p>Ao entrarmos na p\u00e1gina principal encontramos algumas defini\u00e7\u00f5es interessantes relacionadas com a medita\u00e7\u00e3o crist\u00e3. Na op\u00e7\u00e3o \u201cJohn Main\u201d dispomos de uma breve biografia do fundador desta comunidade. O diretor espiritual Laurence Freeman possui tamb\u00e9m uma \u00e1rea reservada neste espa\u00e7o virtual. Ficamos a saber um pouco mais sobre este monge beneditino.<\/p>\n<p>Caso pretenda saber onde existem grupos organizados em Portugal ou mesmo iniciar-se na medita\u00e7\u00e3o, basta clicar em \u201cgrupos de medita\u00e7\u00e3o\u201d. Pode ainda acompanhar as diversas a\u00e7\u00f5es que v\u00e3o sendo realizadas ao longo do ano, no item \u201cactividades\u201d. Na op\u00e7\u00e3o \u201clivros\/cd\/dvd\u201d, encontrar\u00e1 um conjunto de publica\u00e7\u00f5es que ajudam a aprofundar e a divulgar esta pr\u00e1tica que \u201cremonta \u00e0 tradi\u00e7\u00e3o crist\u00e3 dos primeiros s\u00e9culos do cristianismo\u201d. Em \u201cdocumentos\u201d, acedemos a um conjunto de artigos (cartas, textos de medita\u00e7\u00e3o, etc.) que podem ser facilmente descarregados para o computador.<\/p>\n<p>Por \u00faltimo, destacamos somente a op\u00e7\u00e3o \u201cmultim\u00e9dia\u201d, onde facilmente podemos aceder a alguns arquivos, tanto em v\u00eddeo como em \u00e1udio, sobre esta tem\u00e1tica. <\/p>\n<p>Fernando Cassola Marques<\/p>\n","protected":false},"excerpt":{"rendered":"<p>http:\/\/www.meditacaocrista.com\/<\/p>\n","protected":false},"author":1,"featured_media":0,"comment_status":"open","ping_status":"open","sticky":false,"template":"","format":"standard","meta":{"footnotes":""},"categories":[54],"tags":[],"class_list":["post-20827","post","type-post","status-publish","format-standard","hentry","category-livros-e-multimedia"],"_links":{"self":[{"href":"https:\/\/sites.ecclesia.pt\/cv\/wp-json\/wp\/v2\/posts\/20827","targetHints":{"allow":["GET"]}}],"collection":[{"href":"https:\/\/sites.ecclesia.pt\/cv\/wp-json\/wp\/v2\/posts"}],"about":[{"href":"https:\/\/sites.ecclesia.pt\/cv\/wp-json\/wp\/v2\/types\/post"}],"author":[{"embeddable":true,"href":"https:\/\/sites.ecclesia.pt\/cv\/wp-json\/wp\/v2\/users\/1"}],"replies":[{"embeddable":true,"href":"https:\/\/sites.ecclesia.pt\/cv\/wp-json\/wp\/v2\/comments?post=20827"}],"version-history":[{"count":0,"href":"https:\/\/sites.ecclesia.pt\/cv\/wp-json\/wp\/v2\/posts\/20827\/revisions"}],"wp:attachment":[{"href":"https:\/\/sites.ecclesia.pt\/cv\/wp-json\/wp\/v2\/media?parent=20827"}],"wp:term":[{"taxonomy":"category","embeddable":true,"href":"https:\/\/sites.ecclesia.pt\/cv\/wp-json\/wp\/v2\/categories?post=20827"},{"taxonomy":"post_tag","embeddable":true,"href":"https:\/\/sites.ecclesia.pt\/cv\/wp-json\/wp\/v2\/tags?post=20827"}],"curies":[{"name":"wp","href":"https:\/\/api.w.org\/{rel}","templated":true}]}}