{"id":20830,"date":"2012-09-06T11:03:00","date_gmt":"2012-09-06T11:03:00","guid":{"rendered":"http:\/\/localhost:81\/wp1\/?p=20830"},"modified":"2012-09-06T11:03:00","modified_gmt":"2012-09-06T11:03:00","slug":"a-porta-estreita-que-devia-ser-larga","status":"publish","type":"post","link":"https:\/\/sites.ecclesia.pt\/cv\/a-porta-estreita-que-devia-ser-larga\/","title":{"rendered":"A porta estreita que devia ser larga"},"content":{"rendered":"<p>Olhos na Rua <!--more--> D\u00f3i ver como se p\u00f5em de lado leigos que apresentam novas iniciativas apost\u00f3licas, d\u00e3o sugest\u00f5es em grupos e em conselhos de que s\u00e3o membros, mostram a sua discord\u00e2ncia ante decis\u00f5es que saem apenas de uma cabe\u00e7a\u2026<\/p>\n<p>Outros s\u00e3o marginalizados tamb\u00e9m porque optam por trabalhar em organiza\u00e7\u00f5es profissionais ou at\u00e9 partidos pol\u00edticos em vez de movimentos de Igreja\u2026<\/p>\n<p>D\u00f3i, por se teimar, fora do tempo e ao arrepio do mesmo, em conservar uma Igreja fechada e sem futuro. Uma Igreja clerical. Quanto falta ainda para que o Vaticano II esteja cumprido de modo a ser, com uma Igreja renovada, sinal de esperan\u00e7a e de tempos novos?!<\/p>\n","protected":false},"excerpt":{"rendered":"<p>Olhos na Rua<\/p>\n","protected":false},"author":1,"featured_media":0,"comment_status":"open","ping_status":"open","sticky":false,"template":"","format":"standard","meta":{"footnotes":""},"categories":[62],"tags":[],"class_list":["post-20830","post","type-post","status-publish","format-standard","hentry","category-opiniao"],"_links":{"self":[{"href":"https:\/\/sites.ecclesia.pt\/cv\/wp-json\/wp\/v2\/posts\/20830","targetHints":{"allow":["GET"]}}],"collection":[{"href":"https:\/\/sites.ecclesia.pt\/cv\/wp-json\/wp\/v2\/posts"}],"about":[{"href":"https:\/\/sites.ecclesia.pt\/cv\/wp-json\/wp\/v2\/types\/post"}],"author":[{"embeddable":true,"href":"https:\/\/sites.ecclesia.pt\/cv\/wp-json\/wp\/v2\/users\/1"}],"replies":[{"embeddable":true,"href":"https:\/\/sites.ecclesia.pt\/cv\/wp-json\/wp\/v2\/comments?post=20830"}],"version-history":[{"count":0,"href":"https:\/\/sites.ecclesia.pt\/cv\/wp-json\/wp\/v2\/posts\/20830\/revisions"}],"wp:attachment":[{"href":"https:\/\/sites.ecclesia.pt\/cv\/wp-json\/wp\/v2\/media?parent=20830"}],"wp:term":[{"taxonomy":"category","embeddable":true,"href":"https:\/\/sites.ecclesia.pt\/cv\/wp-json\/wp\/v2\/categories?post=20830"},{"taxonomy":"post_tag","embeddable":true,"href":"https:\/\/sites.ecclesia.pt\/cv\/wp-json\/wp\/v2\/tags?post=20830"}],"curies":[{"name":"wp","href":"https:\/\/api.w.org\/{rel}","templated":true}]}}