{"id":20835,"date":"2012-09-19T17:12:00","date_gmt":"2012-09-19T17:12:00","guid":{"rendered":"http:\/\/localhost:81\/wp1\/?p=20835"},"modified":"2012-09-19T17:12:00","modified_gmt":"2012-09-19T17:12:00","slug":"eles-disseram-sobre-o-talento","status":"publish","type":"post","link":"https:\/\/sites.ecclesia.pt\/cv\/eles-disseram-sobre-o-talento\/","title":{"rendered":"Eles disseram&#8230; sobre o talento"},"content":{"rendered":"<p>\u00c9 preciso coragem para ter talento.<\/p>\n<p>Georg Brandes<\/p>\n<p>O aut\u00eantico, o verdadeiro grande talento descobre as suas maiores alegrias na realiza\u00e7\u00e3o.<\/p>\n<p>Goethe<\/p>\n<p>O talento \u00e9 um t\u00edtulo de responsabilidade.<\/p>\n<p>Charles de Gaulle<\/p>\n<p>O talento n\u00e3o evita que se tenham manias, mas torna-as mais not\u00e1veis.<\/p>\n<p>Madame de Stael<\/p>\n<p>Os homens de extraordin\u00e1rios talentos s\u00e3o ordinariamente os de menor ju\u00edzo.<\/p>\n<p>Marques de Maric\u00e1<\/p>\n<p>Quem tiver talento, obter\u00e1 o \u00eaxito na medida que lhe corresponda. Por\u00e9m, apenas se persistir naquilo que faz.<\/p>\n<p>Isaac Asimov <\/p>\n<p>O talento n\u00e3o \u00e9 escrevermos um pensamento, \u00e9 escrevermos trezentos.<\/p>\n<p>Jules Renard <\/p>\n<p>H\u00e1 uma coisa muito escassa, muito mais distante, muito mais rara que o talento. \u00c9 o talento para reconhecer o talento.<\/p>\n<p>Elbert Hubbard<\/p>\n<p>Talento \u00e9 paci\u00eancia sem fim.<\/p>\n<p>Gustave Flaubert<\/p>\n","protected":false},"excerpt":{"rendered":"<p>\u00c9 preciso coragem para ter talento. Georg Brandes O aut\u00eantico, o verdadeiro grande talento descobre as suas maiores alegrias na realiza\u00e7\u00e3o. Goethe O talento \u00e9 um t\u00edtulo de responsabilidade. Charles de Gaulle O talento n\u00e3o evita que se tenham manias, mas torna-as mais not\u00e1veis. Madame de Stael Os homens de extraordin\u00e1rios talentos s\u00e3o ordinariamente os [&hellip;]<\/p>\n","protected":false},"author":1,"featured_media":0,"comment_status":"open","ping_status":"open","sticky":false,"template":"","format":"standard","meta":{"footnotes":""},"categories":[56],"tags":[],"class_list":["post-20835","post","type-post","status-publish","format-standard","hentry","category-almanaque"],"_links":{"self":[{"href":"https:\/\/sites.ecclesia.pt\/cv\/wp-json\/wp\/v2\/posts\/20835","targetHints":{"allow":["GET"]}}],"collection":[{"href":"https:\/\/sites.ecclesia.pt\/cv\/wp-json\/wp\/v2\/posts"}],"about":[{"href":"https:\/\/sites.ecclesia.pt\/cv\/wp-json\/wp\/v2\/types\/post"}],"author":[{"embeddable":true,"href":"https:\/\/sites.ecclesia.pt\/cv\/wp-json\/wp\/v2\/users\/1"}],"replies":[{"embeddable":true,"href":"https:\/\/sites.ecclesia.pt\/cv\/wp-json\/wp\/v2\/comments?post=20835"}],"version-history":[{"count":0,"href":"https:\/\/sites.ecclesia.pt\/cv\/wp-json\/wp\/v2\/posts\/20835\/revisions"}],"wp:attachment":[{"href":"https:\/\/sites.ecclesia.pt\/cv\/wp-json\/wp\/v2\/media?parent=20835"}],"wp:term":[{"taxonomy":"category","embeddable":true,"href":"https:\/\/sites.ecclesia.pt\/cv\/wp-json\/wp\/v2\/categories?post=20835"},{"taxonomy":"post_tag","embeddable":true,"href":"https:\/\/sites.ecclesia.pt\/cv\/wp-json\/wp\/v2\/tags?post=20835"}],"curies":[{"name":"wp","href":"https:\/\/api.w.org\/{rel}","templated":true}]}}