{"id":20872,"date":"2012-09-19T17:06:00","date_gmt":"2012-09-19T17:06:00","guid":{"rendered":"http:\/\/localhost:81\/wp1\/?p=20872"},"modified":"2012-09-19T17:06:00","modified_gmt":"2012-09-19T17:06:00","slug":"abc-da-catequese","status":"publish","type":"post","link":"https:\/\/sites.ecclesia.pt\/cv\/abc-da-catequese\/","title":{"rendered":"ABC da catequese"},"content":{"rendered":"<p>http:\/\/www.abcdacatequese.com <!--more--> Atendendo \u00e0 necessidade constante de novos materiais e novas abordagens aos temas habituais, um grupo de catequistas uniu-se e criou o s\u00edtio que esta semana sugerimos. Na realidade, o s\u00edtio \u201cabc da catequese\u201d pretende ser uma plataforma online onde se partilhem os recursos que circulam pela Internet e que v\u00e3o sendo produzidos por este Portugal fora. Os materiais encontram-se dispon\u00edveis num s\u00f3 ambiente e devidamente catalogados para todos os catequistas, servindo tamb\u00e9m como ponto de encontro.<\/p>\n<p>Na p\u00e1gina inicial encontramos os artigos mais recentes que foram inseridos, temos a possibilidade de responder a um question\u00e1rio que vai mudando com regularidade, podemos registar-nos e, claro, aceder ao habitual menu.<\/p>\n<p>Na op\u00e7\u00e3o \u201cevangeliza\u00e7\u00e3o\u201d, encontramos um elevado n\u00famero de recursos. A t\u00edtulo de exemplo, semanalmente poderemos aceder aos cartazes referentes a cada domingo, disponibilizados no s\u00edtio \u201cA Caminho\u201d, em \u00abcartaz da semana\u00bb. Podemos tamb\u00e9m entrar em \u201clectio divina\u201d, onde a palavra se torna ora\u00e7\u00e3o. Com a ajuda dos Salesianos, encontramos uma ferramenta interessant\u00edssima na abordagem a esta cada vez mais atual maneira de nos encontrarmos com Deus. <\/p>\n<p>A \u00e1rea de \u201cpartilha\u201d \u00e9 aquela onde possivelmente iremos mais vezes entrar. Desde o f\u00f3rum, que \u00e9 o espa\u00e7o por excel\u00eancia de encontro, partilha e comunh\u00e3o de ideias, debates e assuntos relacionados com a \u00e1rea catequ\u00e9tica, passando pelo item \u201crecursos\u201d, onde \u00e9 disponibilizada uma quantidade enorme de conte\u00fados sobre temas referentes \u00e0 catequese, \u00e0 liturgia, \u00e0 forma\u00e7\u00e3o crist\u00e3, \u00e0 espiritualidade, \u00e0s reflex\u00f5es e \u00e0 pastoral juvenil, entre outros. <\/p>\n<p>Em \u201cm\u00e9dia\u201d, temos acesso \u00e0 r\u00e1dio paulus, \u00e0 Aleteia TV e ao item \u201cmantenha-se informado\u201d. A\u00ed podemos encontrar uma ferramenta interessante, dado que temos as liga\u00e7\u00f5es para as principais ag\u00eancias noticiosas cat\u00f3licas, os jornais nacionais e para alguns servi\u00e7os de podcast (R\u00e1dio Vaticano, Evangelho do dia e Santo do dia).<\/p>\n<p>Fica aqui ent\u00e3o a sugest\u00e3o para os catequistas e todos os apaixonados por este grande servi\u00e7o de Igreja. Encontrar\u00e3o aqui um espa\u00e7o extraordin\u00e1rio com \u00f3timos recursos que podem perfeitamente ser utilizados nas sess\u00f5es de catequese no ano que agora se inicia.<\/p>\n<p>Fernando Cassola Marques<\/p>\n","protected":false},"excerpt":{"rendered":"<p>http:\/\/www.abcdacatequese.com<\/p>\n","protected":false},"author":1,"featured_media":0,"comment_status":"open","ping_status":"open","sticky":false,"template":"","format":"standard","meta":{"footnotes":""},"categories":[54],"tags":[],"class_list":["post-20872","post","type-post","status-publish","format-standard","hentry","category-livros-e-multimedia"],"_links":{"self":[{"href":"https:\/\/sites.ecclesia.pt\/cv\/wp-json\/wp\/v2\/posts\/20872","targetHints":{"allow":["GET"]}}],"collection":[{"href":"https:\/\/sites.ecclesia.pt\/cv\/wp-json\/wp\/v2\/posts"}],"about":[{"href":"https:\/\/sites.ecclesia.pt\/cv\/wp-json\/wp\/v2\/types\/post"}],"author":[{"embeddable":true,"href":"https:\/\/sites.ecclesia.pt\/cv\/wp-json\/wp\/v2\/users\/1"}],"replies":[{"embeddable":true,"href":"https:\/\/sites.ecclesia.pt\/cv\/wp-json\/wp\/v2\/comments?post=20872"}],"version-history":[{"count":0,"href":"https:\/\/sites.ecclesia.pt\/cv\/wp-json\/wp\/v2\/posts\/20872\/revisions"}],"wp:attachment":[{"href":"https:\/\/sites.ecclesia.pt\/cv\/wp-json\/wp\/v2\/media?parent=20872"}],"wp:term":[{"taxonomy":"category","embeddable":true,"href":"https:\/\/sites.ecclesia.pt\/cv\/wp-json\/wp\/v2\/categories?post=20872"},{"taxonomy":"post_tag","embeddable":true,"href":"https:\/\/sites.ecclesia.pt\/cv\/wp-json\/wp\/v2\/tags?post=20872"}],"curies":[{"name":"wp","href":"https:\/\/api.w.org\/{rel}","templated":true}]}}