{"id":20873,"date":"2012-09-19T17:10:00","date_gmt":"2012-09-19T17:10:00","guid":{"rendered":"http:\/\/localhost:81\/wp1\/?p=20873"},"modified":"2012-09-19T17:10:00","modified_gmt":"2012-09-19T17:10:00","slug":"domingo-xxv-tempo-comum-ano-b","status":"publish","type":"post","link":"https:\/\/sites.ecclesia.pt\/cv\/domingo-xxv-tempo-comum-ano-b\/","title":{"rendered":"Domingo XXV &#8211; Tempo Comum (Ano B)"},"content":{"rendered":"<p>Leituras Dominicais <!--more--> 1.\u00aa LEITURA Sab 2, 12.17-20<\/p>\n<p>\u00abCondenemo-lo \u00e0 morte infamante\u00bb<\/p>\n<p>Disseram os \u00edmpios: \u00abArmemos ciladas ao justo, porque nos incomoda e se op\u00f5e \u00e0s nossas obras; censura-nos as transgress\u00f5es \u00e0 lei e repreende-nos as faltas de educa\u00e7\u00e3o. Vejamos se as suas palavras s\u00e3o verdadeiras, observemos como \u00e9 a sua morte. Porque, se o justo \u00e9 filho de Deus, Deus o proteger\u00e1 e o livrar\u00e1 das m\u00e3os dos seus advers\u00e1rios. Provemo-lo com ultrajes e torturas, para conhecermos a sua mansid\u00e3o e apreciarmos a sua paci\u00eancia. Condenemo-lo \u00e0 morte infame, porque, segundo diz, Algu\u00e9m vir\u00e1 socorr\u00ea-lo.<\/p>\n<p>2.\u00aa LEITURA Tg 3, 16 \u2013 4, 3<\/p>\n<p>\u00abO fruto da justi\u00e7a semeia-se na paz<\/p>\n<p>para aqueles que praticam a paz\u00bb<\/p>\n<p>Car\u00edssimos: Onde h\u00e1 inveja e rivalidade, tamb\u00e9m h\u00e1 desordem e toda a esp\u00e9cie de m\u00e1s ac\u00e7\u00f5es. Mas a sabedoria que vem do alto \u00e9 pura, pac\u00edfica, compreensiva e generosa, cheia de miseric\u00f3rdia e de boas obras, imparcial e sem hipocrisia. O fruto da justi\u00e7a semeia-se na paz para aqueles que praticam a paz. De onde v\u00eam as guerras? De onde procedem os conflitos entre v\u00f3s? N\u00e3o \u00e9 precisamente das paix\u00f5es que lutam nos vossos membros? Cobi\u00e7ais e nada conseguis: ent\u00e3o assassinais. Sois invejosos e n\u00e3o podeis obter nada: ent\u00e3o entrais em conflitos e guerras. Nada tendes, porque nada pedis. Pedis e n\u00e3o recebeis, porque pedis mal, pois o que pedis \u00e9 para satisfazer as vossas paix\u00f5es.<\/p>\n<p>EVANGELHO Mc 9, 30-37<\/p>\n<p>\u00abO Filho do homem vai ser entregue&#8230;<\/p>\n<p>Quem quiser ser o primeiro ser\u00e1 o servo de todos\u00bb<\/p>\n<p>Naquele tempo, Jesus e os seus disc\u00edpulos caminhavam atrav\u00e9s da Galileia. Jesus n\u00e3o queria que ningu\u00e9m o soubesse, porque ensinava os disc\u00edpulos, dizendo-lhes: \u00abO Filho do homem vai ser entregue \u00e0s m\u00e3os dos homens, que v\u00e3o mat\u00e1-l\u2019O; mas Ele, tr\u00eas dias depois de morto, ressuscitar\u00e1\u00bb. Os disc\u00edpulos n\u00e3o compreendiam aquelas palavras e tinham medo de O interrogar. Quando chegaram a Cafarnaum e j\u00e1 estavam em casa, Jesus perguntou-lhes: \u00abQue discut\u00edeis no caminho?\u00bb. Eles ficaram calados, porque tinham discutido uns com os outros sobre qual deles era o maior. Ent\u00e3o, Jesus sentou-Se, chamou os Doze e disse-lhes: \u00abQuem quiser ser o primeiro ser\u00e1 o \u00faltimo de todos e o servo de todos\u00bb. E, tomando uma crian\u00e7a, colocou-a no meio deles, abra\u00e7ou-a e disse-lhes: \u00abQuem receber uma destas crian\u00e7as em meu nome \u00e9 a Mim que recebe; e quem Me receber n\u00e3o Me recebe a Mim, mas \u00c0quele que Me enviou\u00bb.<\/p>\n","protected":false},"excerpt":{"rendered":"<p>Leituras Dominicais<\/p>\n","protected":false},"author":1,"featured_media":0,"comment_status":"open","ping_status":"open","sticky":false,"template":"","format":"standard","meta":{"footnotes":""},"categories":[52],"tags":[],"class_list":["post-20873","post","type-post","status-publish","format-standard","hentry","category-espiritualidade"],"_links":{"self":[{"href":"https:\/\/sites.ecclesia.pt\/cv\/wp-json\/wp\/v2\/posts\/20873","targetHints":{"allow":["GET"]}}],"collection":[{"href":"https:\/\/sites.ecclesia.pt\/cv\/wp-json\/wp\/v2\/posts"}],"about":[{"href":"https:\/\/sites.ecclesia.pt\/cv\/wp-json\/wp\/v2\/types\/post"}],"author":[{"embeddable":true,"href":"https:\/\/sites.ecclesia.pt\/cv\/wp-json\/wp\/v2\/users\/1"}],"replies":[{"embeddable":true,"href":"https:\/\/sites.ecclesia.pt\/cv\/wp-json\/wp\/v2\/comments?post=20873"}],"version-history":[{"count":0,"href":"https:\/\/sites.ecclesia.pt\/cv\/wp-json\/wp\/v2\/posts\/20873\/revisions"}],"wp:attachment":[{"href":"https:\/\/sites.ecclesia.pt\/cv\/wp-json\/wp\/v2\/media?parent=20873"}],"wp:term":[{"taxonomy":"category","embeddable":true,"href":"https:\/\/sites.ecclesia.pt\/cv\/wp-json\/wp\/v2\/categories?post=20873"},{"taxonomy":"post_tag","embeddable":true,"href":"https:\/\/sites.ecclesia.pt\/cv\/wp-json\/wp\/v2\/tags?post=20873"}],"curies":[{"name":"wp","href":"https:\/\/api.w.org\/{rel}","templated":true}]}}