{"id":20908,"date":"2012-09-26T16:49:00","date_gmt":"2012-09-26T16:49:00","guid":{"rendered":"http:\/\/localhost:81\/wp1\/?p=20908"},"modified":"2012-09-26T16:49:00","modified_gmt":"2012-09-26T16:49:00","slug":"albergaria-abre-candidaturas-para-bolsas-de-estudo","status":"publish","type":"post","link":"https:\/\/sites.ecclesia.pt\/cv\/albergaria-abre-candidaturas-para-bolsas-de-estudo\/","title":{"rendered":"Albergaria abre candidaturas para bolsas de estudo"},"content":{"rendered":"<p>At\u00e9 ao dia 26 de outubro, nos Servi\u00e7os de A\u00e7\u00e3o Social da C\u00e2mara Municipal de Albergaria-a-Velha, est\u00e1 a decorrer o per\u00edodo de candidaturas para as Bolsas de Estudo do Ensino Superior, iniciativa que visa apoiar os estudantes albergarienses com dificuldades econ\u00f3micas e que atribui dez bolsas em cada ano letivo.<\/p>\n<p>O valor de cada presta\u00e7\u00e3o mensal \u00e9 de 30% do sal\u00e1rio m\u00ednimo nacional, sendo esta atribu\u00edda durante um per\u00edodo de 10 meses, correspondente ao ano escolar. Como contrapartida da atribui\u00e7\u00e3o da bolsa de estudo, cada bolseiro dever\u00e1 prestar, em regime de voluntariado, duas semanas de servi\u00e7o \u00e0 comunidade em atividades socioculturais, de reconhecida mais-valia e interesse para os mun\u00edcipes, promovidas pela autarquia ou por outra entidade do munic\u00edpio, indicada por este. <\/p>\n","protected":false},"excerpt":{"rendered":"<p>At\u00e9 ao dia 26 de outubro, nos Servi\u00e7os de A\u00e7\u00e3o Social da C\u00e2mara Municipal de Albergaria-a-Velha, est\u00e1 a decorrer o per\u00edodo de candidaturas para as Bolsas de Estudo do Ensino Superior, iniciativa que visa apoiar os estudantes albergarienses com dificuldades econ\u00f3micas e que atribui dez bolsas em cada ano letivo. O valor de cada presta\u00e7\u00e3o [&hellip;]<\/p>\n","protected":false},"author":1,"featured_media":0,"comment_status":"open","ping_status":"open","sticky":false,"template":"","format":"standard","meta":{"footnotes":""},"categories":[51],"tags":[],"class_list":["post-20908","post","type-post","status-publish","format-standard","hentry","category-jovens"],"_links":{"self":[{"href":"https:\/\/sites.ecclesia.pt\/cv\/wp-json\/wp\/v2\/posts\/20908","targetHints":{"allow":["GET"]}}],"collection":[{"href":"https:\/\/sites.ecclesia.pt\/cv\/wp-json\/wp\/v2\/posts"}],"about":[{"href":"https:\/\/sites.ecclesia.pt\/cv\/wp-json\/wp\/v2\/types\/post"}],"author":[{"embeddable":true,"href":"https:\/\/sites.ecclesia.pt\/cv\/wp-json\/wp\/v2\/users\/1"}],"replies":[{"embeddable":true,"href":"https:\/\/sites.ecclesia.pt\/cv\/wp-json\/wp\/v2\/comments?post=20908"}],"version-history":[{"count":0,"href":"https:\/\/sites.ecclesia.pt\/cv\/wp-json\/wp\/v2\/posts\/20908\/revisions"}],"wp:attachment":[{"href":"https:\/\/sites.ecclesia.pt\/cv\/wp-json\/wp\/v2\/media?parent=20908"}],"wp:term":[{"taxonomy":"category","embeddable":true,"href":"https:\/\/sites.ecclesia.pt\/cv\/wp-json\/wp\/v2\/categories?post=20908"},{"taxonomy":"post_tag","embeddable":true,"href":"https:\/\/sites.ecclesia.pt\/cv\/wp-json\/wp\/v2\/tags?post=20908"}],"curies":[{"name":"wp","href":"https:\/\/api.w.org\/{rel}","templated":true}]}}