{"id":20909,"date":"2012-09-26T16:51:00","date_gmt":"2012-09-26T16:51:00","guid":{"rendered":"http:\/\/localhost:81\/wp1\/?p=20909"},"modified":"2012-09-26T16:51:00","modified_gmt":"2012-09-26T16:51:00","slug":"celebracoes-para-o-ano-da-fe","status":"publish","type":"post","link":"https:\/\/sites.ecclesia.pt\/cv\/celebracoes-para-o-ano-da-fe\/","title":{"rendered":"Celebra\u00e7\u00f5es para o Ano da F\u00e9"},"content":{"rendered":"<p>Celebra\u00e7\u00f5es <\/p>\n<p>para o Ano da f\u00e9<\/p>\n<p>Conselho Pontif\u00edcio para a Promo\u00e7\u00e3o da Nova Evangeliza\u00e7\u00e3o<\/p>\n<p>32 p\u00e1ginas<\/p>\n<p>Para abrir e terminar o Ano da F\u00e9, a editora Paulus acaba de publicar uma brochura com celebra\u00e7\u00f5es para este ano proclamando pelo Papa para avivar a f\u00e9 crist\u00e3, nos 50 anos do II Conc\u00edlio do Vaticano e 20 anos da publica\u00e7\u00e3o do Catecismo da Igreja Cat\u00f3lica.<\/p>\n<p>Estas celebra\u00e7\u00f5es inspiram-se nas antigas pr\u00e1ticas da Igreja de \u201ctraditio et redditio Symboli\u201d. Aos que se preparavam para receber o batismo era-lhes dado, transmitido (traditio), o Credo (ou S\u00edmbolo). O Ano da F\u00e9 quer precisamente levar os cat\u00f3licos \u00e0 reflex\u00e3o, proclama\u00e7\u00e3o e a\u00e7\u00e3o p\u00fablica da f\u00e9 crist\u00e3.<\/p>\n","protected":false},"excerpt":{"rendered":"<p>Celebra\u00e7\u00f5es para o Ano da f\u00e9 Conselho Pontif\u00edcio para a Promo\u00e7\u00e3o da Nova Evangeliza\u00e7\u00e3o 32 p\u00e1ginas Para abrir e terminar o Ano da F\u00e9, a editora Paulus acaba de publicar uma brochura com celebra\u00e7\u00f5es para este ano proclamando pelo Papa para avivar a f\u00e9 crist\u00e3, nos 50 anos do II Conc\u00edlio do Vaticano e 20 [&hellip;]<\/p>\n","protected":false},"author":1,"featured_media":0,"comment_status":"open","ping_status":"open","sticky":false,"template":"","format":"standard","meta":{"footnotes":""},"categories":[54],"tags":[],"class_list":["post-20909","post","type-post","status-publish","format-standard","hentry","category-livros-e-multimedia"],"_links":{"self":[{"href":"https:\/\/sites.ecclesia.pt\/cv\/wp-json\/wp\/v2\/posts\/20909","targetHints":{"allow":["GET"]}}],"collection":[{"href":"https:\/\/sites.ecclesia.pt\/cv\/wp-json\/wp\/v2\/posts"}],"about":[{"href":"https:\/\/sites.ecclesia.pt\/cv\/wp-json\/wp\/v2\/types\/post"}],"author":[{"embeddable":true,"href":"https:\/\/sites.ecclesia.pt\/cv\/wp-json\/wp\/v2\/users\/1"}],"replies":[{"embeddable":true,"href":"https:\/\/sites.ecclesia.pt\/cv\/wp-json\/wp\/v2\/comments?post=20909"}],"version-history":[{"count":0,"href":"https:\/\/sites.ecclesia.pt\/cv\/wp-json\/wp\/v2\/posts\/20909\/revisions"}],"wp:attachment":[{"href":"https:\/\/sites.ecclesia.pt\/cv\/wp-json\/wp\/v2\/media?parent=20909"}],"wp:term":[{"taxonomy":"category","embeddable":true,"href":"https:\/\/sites.ecclesia.pt\/cv\/wp-json\/wp\/v2\/categories?post=20909"},{"taxonomy":"post_tag","embeddable":true,"href":"https:\/\/sites.ecclesia.pt\/cv\/wp-json\/wp\/v2\/tags?post=20909"}],"curies":[{"name":"wp","href":"https:\/\/api.w.org\/{rel}","templated":true}]}}