{"id":20918,"date":"2012-10-10T16:41:00","date_gmt":"2012-10-10T16:41:00","guid":{"rendered":"http:\/\/localhost:81\/wp1\/?p=20918"},"modified":"2012-10-10T16:41:00","modified_gmt":"2012-10-10T16:41:00","slug":"quem-evangeliza-sai-evangelizado","status":"publish","type":"post","link":"https:\/\/sites.ecclesia.pt\/cv\/quem-evangeliza-sai-evangelizado\/","title":{"rendered":"&#8220;Quem evangeliza sai evangelizado&#8221;"},"content":{"rendered":"<p>Testemunhos de jovens da Diocese de Aveiro nas Miss\u00f5es &#8211; 2 <!--more--> Eu sou a Paula e tenho 20 anos. Desde cedo me envolvi na igreja atrav\u00e9s da catequese e do grupo de jovens. Foi atrav\u00e9s de um projeto de anima\u00e7\u00e3o mission\u00e1ria, desenvolvido pelos Mission\u00e1rios Combonianos, que pela primeira vez conheci mission\u00e1rios. Mas, mais que ficar a conhecer, fiquei contagiada pela alegria, entusiasmo e felicidade que transmitiam quando falavam de Deus e das experi\u00eancias que tinham vivido. Por isso, quando algum tempo depois conheci o projeto de voluntariado mission\u00e1rio do Secretariado Diocesano de Anima\u00e7\u00e3o Mission\u00e1ria (SDAM), houve algo dentro de mim me relembrou a alegria e o entusiasmo que tinha visto naqueles rostos e soube que tinha de integrar naquele grupo. <\/p>\n<p>Integrei. Fiz forma\u00e7\u00e3o de um ano em que foram realizadas diversas din\u00e2micas e abordados diversos temas como: Igreja, Desenvolvimento Sustent\u00e1vel, Espiritualidade, Motiva\u00e7\u00f5es, etc. Ap\u00f3s este ano, fui para o estado do Amazonas no norte do Brasil. Estive l\u00e1 cinco semanas em conjunto com as minhas colegas de miss\u00e3o: a Sarah e a Margarida. Uma das primeiras coisas que o p\u00e1roco do lugar onde fic\u00e1mos nos disse foi: \u201cQuem evangeliza sai evangelizado.\u201d E \u00e9 sem d\u00favida o que acontece. A miss\u00e3o mais que fazer e ajudar \u00e9 sobretudo ser e estar. Miss\u00e3o \u00e9 o rosto de Jesus Cristo, \u00e9 lev\u00e1-lo e partilh\u00e1-lo por todos os lugares, transmitindo \u00e0s pessoas a boa nova de viver em Cristo, a felicidade que isso nos pode trazer. A miss\u00e3o \u00e9 darmo-nos. Eu posso dar muita coisa mas se n\u00e3o me dei a mim ent\u00e3o n\u00e3o dei nada. D. Ant\u00f3nio Couto disse uma vez que: \u201cS\u00f3 pode ser verdadeiramente Crist\u00e3o aquele que sabe que outro Homem morreu por ele\u201d. O primeiro mission\u00e1rio \u00e9 Jesus Cristo ao dar a sua vida por todos n\u00f3s. Tamb\u00e9m n\u00f3s somos chamados a darmo-nos, a ser mission\u00e1rios seguindo o seu caminho.<\/p>\n<p>Paula, 20 anos, em Manicor\u00e9, Amaz\u00f3nia, Brasil <\/p>\n","protected":false},"excerpt":{"rendered":"<p>Testemunhos de jovens da Diocese de Aveiro nas Miss\u00f5es &#8211; 2<\/p>\n","protected":false},"author":1,"featured_media":0,"comment_status":"open","ping_status":"open","sticky":false,"template":"","format":"standard","meta":{"footnotes":""},"categories":[51],"tags":[],"class_list":["post-20918","post","type-post","status-publish","format-standard","hentry","category-jovens"],"_links":{"self":[{"href":"https:\/\/sites.ecclesia.pt\/cv\/wp-json\/wp\/v2\/posts\/20918","targetHints":{"allow":["GET"]}}],"collection":[{"href":"https:\/\/sites.ecclesia.pt\/cv\/wp-json\/wp\/v2\/posts"}],"about":[{"href":"https:\/\/sites.ecclesia.pt\/cv\/wp-json\/wp\/v2\/types\/post"}],"author":[{"embeddable":true,"href":"https:\/\/sites.ecclesia.pt\/cv\/wp-json\/wp\/v2\/users\/1"}],"replies":[{"embeddable":true,"href":"https:\/\/sites.ecclesia.pt\/cv\/wp-json\/wp\/v2\/comments?post=20918"}],"version-history":[{"count":0,"href":"https:\/\/sites.ecclesia.pt\/cv\/wp-json\/wp\/v2\/posts\/20918\/revisions"}],"wp:attachment":[{"href":"https:\/\/sites.ecclesia.pt\/cv\/wp-json\/wp\/v2\/media?parent=20918"}],"wp:term":[{"taxonomy":"category","embeddable":true,"href":"https:\/\/sites.ecclesia.pt\/cv\/wp-json\/wp\/v2\/categories?post=20918"},{"taxonomy":"post_tag","embeddable":true,"href":"https:\/\/sites.ecclesia.pt\/cv\/wp-json\/wp\/v2\/tags?post=20918"}],"curies":[{"name":"wp","href":"https:\/\/api.w.org\/{rel}","templated":true}]}}