{"id":20919,"date":"2012-10-10T16:42:00","date_gmt":"2012-10-10T16:42:00","guid":{"rendered":"http:\/\/localhost:81\/wp1\/?p=20919"},"modified":"2012-10-10T16:42:00","modified_gmt":"2012-10-10T16:42:00","slug":"um-lugar-assim-neste-fim-de-mundo-sabe-mesmo-bem","status":"publish","type":"post","link":"https:\/\/sites.ecclesia.pt\/cv\/um-lugar-assim-neste-fim-de-mundo-sabe-mesmo-bem\/","title":{"rendered":"&#8220;Um lugar assim neste fim de mundo sabe mesmo bem&#8221;"},"content":{"rendered":"<p>Passaram 900 jovens pela tenda do CUFC no Integr@te <!--more--> A Ir. Fl\u00e1via Dores, da equipa do Centro Universit\u00e1rio F\u00e9 e Cultura (CUFC), conta como os jovens que foram ao Parque Desportivo de Aveiro para ouvir os concertos da festa dos caloiros apreciaram a \u201ccapela\u201d.<\/p>\n<p>Um espa\u00e7o de ora\u00e7\u00e3o num recinto de festas foi usado e apreciado por quem \u00e9 crist\u00e3o (de v\u00e1rias confiss\u00f5es), mu\u00e7ulmano e at\u00e9 ateu ou agn\u00f3stico! Foi muito positivo ver a rea\u00e7\u00e3o dos jovens. Algu\u00e9m dizia, eu n\u00e3o sou de religi\u00e3o nenhuma, mas fez-me t\u00e3o bem estar ali sentado a pensar, faz tanta falta parar, obrigada!\u201d <\/p>\n<p>Distribu\u00edmos v\u00e1rias centenas de f\u00f3sforos com o convite: \u201cVem integr@r esta hora na nossa tenda! Acende o teu f\u00f3sforo pela paz ou outra inten\u00e7\u00e3o\u201d. Tivemos cerca de 900 presen\u00e7as na \u201ccapela\u201d! Este foi sensivelmente o n.\u00ba dos f\u00f3sforos que foram acesos! Superou todas as nossas expetativas.<\/p>\n<p>Alguns entraram porque conheciam os jovens que estavam no acolhimento e procuravam um lugar de ora\u00e7\u00e3o, mas muitos entravam pela curiosidade, pela vontade de acender o f\u00f3sforo e porque era gratuito. Tamb\u00e9m houve quem entrasse pelo gozo. O engra\u00e7ado \u00e9 que o espa\u00e7o se impunha, alguns, at\u00e9 partilharam, que entraram no gozo, mas que depois tinham gostado muito de estar ali e agradeciam. \u201cUm lugar assim neste fim de mundo sabe mesmo bem\u201d. <\/p>\n<p>Este espa\u00e7o foi dinamizado pela Equipa CUFC Estuda, composta por cinco estudantes, alguns ligados a movimentos que se re\u00fanem no CUFC. Colaboraram com esta equipa, outros estudantes, como volunt\u00e1rios, bem como alguns dos adultos que trabalham e acompanham a Pastoral do Ensino Superior, em Aveiro. <\/p>\n<p>Esta capela no recinto do INTEGR@TE \u00e9 apenas a primeira atividade no projeto do CUFC de acolhimento aos alunos, neste in\u00edcio de ano. Ap\u00f3s preparar o espa\u00e7o exterior do CUFC, com as pinturas no muro, fomos ao encontro deles, convidamo-los para estarem connosco, dia 11, desde as 20h, numa festa denominada, \u201cworld student fest\u201d em que ao som de boa m\u00fasica, queremos saborear, o caldo verde, o cachorro \u00e0 moda do Brasil ou uma bifana e um brigadeiro! <\/p>\n<p>E o ponto alto, a \u00faltima atividade, nesta fase, \u00e9 a Eucaristia, de B\u00ean\u00e7\u00e3o do Estudante, dia 14 de outubro, \u00e0s 18h30, presidida pelo D. Ant\u00f3nio Francisco.<\/p>\n<p>Fl\u00e1via Dores<\/p>\n","protected":false},"excerpt":{"rendered":"<p>Passaram 900 jovens pela tenda do CUFC no Integr@te<\/p>\n","protected":false},"author":1,"featured_media":0,"comment_status":"open","ping_status":"open","sticky":false,"template":"","format":"standard","meta":{"footnotes":""},"categories":[51],"tags":[],"class_list":["post-20919","post","type-post","status-publish","format-standard","hentry","category-jovens"],"_links":{"self":[{"href":"https:\/\/sites.ecclesia.pt\/cv\/wp-json\/wp\/v2\/posts\/20919","targetHints":{"allow":["GET"]}}],"collection":[{"href":"https:\/\/sites.ecclesia.pt\/cv\/wp-json\/wp\/v2\/posts"}],"about":[{"href":"https:\/\/sites.ecclesia.pt\/cv\/wp-json\/wp\/v2\/types\/post"}],"author":[{"embeddable":true,"href":"https:\/\/sites.ecclesia.pt\/cv\/wp-json\/wp\/v2\/users\/1"}],"replies":[{"embeddable":true,"href":"https:\/\/sites.ecclesia.pt\/cv\/wp-json\/wp\/v2\/comments?post=20919"}],"version-history":[{"count":0,"href":"https:\/\/sites.ecclesia.pt\/cv\/wp-json\/wp\/v2\/posts\/20919\/revisions"}],"wp:attachment":[{"href":"https:\/\/sites.ecclesia.pt\/cv\/wp-json\/wp\/v2\/media?parent=20919"}],"wp:term":[{"taxonomy":"category","embeddable":true,"href":"https:\/\/sites.ecclesia.pt\/cv\/wp-json\/wp\/v2\/categories?post=20919"},{"taxonomy":"post_tag","embeddable":true,"href":"https:\/\/sites.ecclesia.pt\/cv\/wp-json\/wp\/v2\/tags?post=20919"}],"curies":[{"name":"wp","href":"https:\/\/api.w.org\/{rel}","templated":true}]}}