{"id":20949,"date":"2012-09-26T16:50:00","date_gmt":"2012-09-26T16:50:00","guid":{"rendered":"http:\/\/localhost:81\/wp1\/?p=20949"},"modified":"2012-09-26T16:50:00","modified_gmt":"2012-09-26T16:50:00","slug":"politica-a-moda-de-vagos-nos-tempos-da-democracia","status":"publish","type":"post","link":"https:\/\/sites.ecclesia.pt\/cv\/politica-a-moda-de-vagos-nos-tempos-da-democracia\/","title":{"rendered":"Pol\u00edtica \u00e0 moda de Vagos nos tempos da democracia"},"content":{"rendered":"<p>Pol\u00edtica(s) \u00e0 moda de Vagos<\/p>\n<p>Eduardo Jaques<\/p>\n<p>Edi\u00e7\u00e3o de autor<\/p>\n<p>346 p\u00e1ginas<\/p>\n<p>Eduardo Jaques (Eixo, 1945) tem uma longa hist\u00f3ria de colabora\u00e7\u00e3o na imprensa regional, incluindo o \u201cCorreio do Vouga\u201d, e mesmo nacional, em jornais como \u201cO S\u00e9culo\u201d, o \u201cCom\u00e9rcio do Porto\u201d e o \u201cJornal de Not\u00edcias\u201d. Em anos mais recentes, o seu trabalho destaca-se no \u201cDi\u00e1rio de Aveiro\u201d e nos vaguenses \u201cPonto\u201d e \u201cTerras de Vagos\u201d.<\/p>\n<p>Ningu\u00e9m como ele acompanhou t\u00e3o bem as movimenta\u00e7\u00f5es do poder aut\u00e1rquico no regime democr\u00e1tico, pelo que este volume de mais de 300 p\u00e1ginas de artigos e entrevistas \u00e9 imprescind\u00edvel para a hist\u00f3ria dos \u00faltimos dec\u00e9nios do concelho de Vagos. Por aqui passam todos os detentores do poder aut\u00e1rquico, por vezes ainda apenas como candidatos, pelo que \u00e9 sempre muito curioso, por exemplo, ver o que um pol\u00edtico prometeu e a seguir concretizou \u2013 ou n\u00e3o.<\/p>\n<p>Apesar do t\u00edtulo e do que acima ficou escrito, nem s\u00f3 de pol\u00edtica partid\u00e1ria vive este livro. Na realidade, a pol\u00edtica est\u00e1 presente em toda a atividade p\u00fablica, mesmo que se fuja da ideologia partid\u00e1ria. Por isso, podemos encontrar neste volume uma entrevista ao falecido P.e Teixeira das Neves, quando era p\u00e1roco de Vagos (1986), outra a D. Ant\u00f3nio Francisco, nos primeiros anos na Diocese de Aveiro (2008), ou uma pe\u00e7a que d\u00e1 not\u00edcia de uma assembleia com D. Ant\u00f3nio Marcelino, no Col\u00e9gio de Calv\u00e3o, pela liberdade de ensino (2001) \u2013 para referir apenas alguns exemplos.<\/p>\n<p>Na \u201cNota Pr\u00e9via\u201d o autor revela a inten\u00e7\u00e3o com que elaborou este volume e o modo como desempenhou \u2013 e desempenha, podemos presumir \u2013 o seu jornalismo: \u201cDa cultura ao ensino, das institui\u00e7\u00f5es e organismos sociais \u00e0 pol\u00edtica camar\u00e1ria ou partid\u00e1ria, procurei acompanhar e revisitar, talvez com algum id\u00edlio bairrista, o pulsar e viv\u00eancia do concelho que me acolheu para viver, nas diferentes atividades\u201d. Acrescenta e est\u00e1 patente que foi um \u201ctrabalho fascinante e persistente\u201d, ainda que marcado por \u201cfugazes clivagens e incompatibilidades\u201d, como \u00e9 pr\u00f3prio de duas atividades p\u00fablicas, a pol\u00edtica e o jornalismo.<\/p>\n<p>J.P.F. <\/p>\n","protected":false},"excerpt":{"rendered":"<p>Pol\u00edtica(s) \u00e0 moda de Vagos Eduardo Jaques Edi\u00e7\u00e3o de autor 346 p\u00e1ginas Eduardo Jaques (Eixo, 1945) tem uma longa hist\u00f3ria de colabora\u00e7\u00e3o na imprensa regional, incluindo o \u201cCorreio do Vouga\u201d, e mesmo nacional, em jornais como \u201cO S\u00e9culo\u201d, o \u201cCom\u00e9rcio do Porto\u201d e o \u201cJornal de Not\u00edcias\u201d. Em anos mais recentes, o seu trabalho destaca-se [&hellip;]<\/p>\n","protected":false},"author":1,"featured_media":0,"comment_status":"open","ping_status":"open","sticky":false,"template":"","format":"standard","meta":{"footnotes":""},"categories":[54],"tags":[],"class_list":["post-20949","post","type-post","status-publish","format-standard","hentry","category-livros-e-multimedia"],"_links":{"self":[{"href":"https:\/\/sites.ecclesia.pt\/cv\/wp-json\/wp\/v2\/posts\/20949","targetHints":{"allow":["GET"]}}],"collection":[{"href":"https:\/\/sites.ecclesia.pt\/cv\/wp-json\/wp\/v2\/posts"}],"about":[{"href":"https:\/\/sites.ecclesia.pt\/cv\/wp-json\/wp\/v2\/types\/post"}],"author":[{"embeddable":true,"href":"https:\/\/sites.ecclesia.pt\/cv\/wp-json\/wp\/v2\/users\/1"}],"replies":[{"embeddable":true,"href":"https:\/\/sites.ecclesia.pt\/cv\/wp-json\/wp\/v2\/comments?post=20949"}],"version-history":[{"count":0,"href":"https:\/\/sites.ecclesia.pt\/cv\/wp-json\/wp\/v2\/posts\/20949\/revisions"}],"wp:attachment":[{"href":"https:\/\/sites.ecclesia.pt\/cv\/wp-json\/wp\/v2\/media?parent=20949"}],"wp:term":[{"taxonomy":"category","embeddable":true,"href":"https:\/\/sites.ecclesia.pt\/cv\/wp-json\/wp\/v2\/categories?post=20949"},{"taxonomy":"post_tag","embeddable":true,"href":"https:\/\/sites.ecclesia.pt\/cv\/wp-json\/wp\/v2\/tags?post=20949"}],"curies":[{"name":"wp","href":"https:\/\/api.w.org\/{rel}","templated":true}]}}