{"id":20950,"date":"2012-09-26T16:52:00","date_gmt":"2012-09-26T16:52:00","guid":{"rendered":"http:\/\/localhost:81\/wp1\/?p=20950"},"modified":"2012-09-26T16:52:00","modified_gmt":"2012-09-26T16:52:00","slug":"futilidades","status":"publish","type":"post","link":"https:\/\/sites.ecclesia.pt\/cv\/futilidades\/","title":{"rendered":"Futilidades"},"content":{"rendered":"<p>Po\u00e7o de Jacob &#8211; 122 <!--more--> Na carta de S. Paulo aos Ef\u00e9sios 4,17, vemos que ele diz que o crist\u00e3o n\u00e3o deve ser como o pag\u00e3o que vive segundo a futilidade dos seus pensamentos. N\u00e3o sei se \u00e9 correto chamar, hoje, pag\u00e3 a uma pessoa, pois a Sagrada Escritura diz que onde houver um homem que tema a Deus, Deus o ama\u2026 E o Vaticano II faz quest\u00e3o de dizer que os vest\u00edgios de Deus est\u00e3o em toda a parte. Pag\u00e3o foi, durante s\u00e9culos, \u201co que n\u00e3o professava a minha f\u00e9\u201d. Assim eram pag\u00e3os os romanos em rela\u00e7\u00e3o aos judeus, os judeus em rela\u00e7\u00e3o aos crist\u00e3os, e o Isl\u00e3o chama infi\u00e9is aos que n\u00e3o s\u00e3o mu\u00e7ulmanos&#8230; E assim surgiram e se conservaram, muito bem, as guerras fratricidas da hist\u00f3ria das religi\u00f5es e dos povos.<\/p>\n<p>Pensar e crer diferente, ou dizer que n\u00e3o cr\u00ea, ser\u00e1 paganismo? H\u00e1 discuss\u00f5es\u2026 E Deus n\u00e3o dorme, pois tamb\u00e9m est\u00e1 na pluralidade. No entanto, podemos dizer que a futilidade do pensamento \u00e9 mais do que ter uma vida f\u00fatil. S. Paulo sublinha que f\u00fatil \u00e9 o \u201chomem velho\u201d, que precisa de se transformar interiormente. E isso s\u00f3 pode acontecer de duas maneiras: Limpar a mente&#8230; Transforma\u00e7\u00e3o da mente, diz ele, e ser homem novo, ou seja, fortificar a f\u00e9. <\/p>\n<p>O Homem Novo para uma nova comunidade s\u00f3 pode existir se for o homem total, integral. E isso significa que mundo natural e mundo sobrenatural devem estar em equil\u00edbrio e harmonia dentro e fora dele, na mente, na psicologia, na afetividade e nas atitudes da moralidade e animada pelos princ\u00edpios. S. Paulo sublinha que, no homem que vence a futilidade, a intelig\u00eancia e a f\u00e9 est\u00e3o de bra\u00e7os dados, pois, intelig\u00eancia sem f\u00e9 leva ao racionalismo e \u00e0 vida sem sentido, mas f\u00e9 sem intelig\u00eancia que a forme leva ao fanatismo, filho da ignor\u00e2ncia e at\u00e9 filho  da maldade, que tamb\u00e9m \u00e9 animada pelo dem\u00f3nio. Por isso, f\u00fatil pode ser o dito pag\u00e3o ou ateu, mas tamb\u00e9m o crist\u00e3o batizado, o homem que n\u00e3o sai da Igreja e reza todas as devo\u00e7\u00f5es havidas e por haver, o padre, o bispo, qualquer um de n\u00f3s.<\/p>\n<p>S\u00f3 a transforma\u00e7\u00e3o da mente nos pode conduzir a sermos Homens Novos \u00e0 imagem de Jesus, e s\u00f3 esse homem novo pode distinguir, discernir o que \u00e9 bom, o que \u00e9 \u00fatil e o que \u00e9 agrad\u00e1vel a Deus e aos homens, como S. Paulo sublinha noutro texto de outra carta com afirma\u00e7\u00f5es semelhantes a esta.<\/p>\n<p>\u00c9 interessante notar que a intelig\u00eancia animada pela f\u00e9 e a f\u00e9 iluminada pela intelig\u00eancia acreditam no milagre, mas sabem que, normalmente, a a\u00e7\u00e3o de Deus se exerce no mundo n\u00e3o de modo direto, mas atrav\u00e9s de causas segundas. Deus usa os seus instrumentos. E n\u00f3s podemos ser, tamb\u00e9m, instrumentos colaboradores dele.<\/p>\n<p>No deserto, os judeus queriam p\u00e3o. Deus deu-lhes o man\u00e1. Ca\u00eddo do C\u00e9u milagrosamente? N\u00e3o! Era apenas a secre\u00e7\u00e3o matinal de uma planta do deserto. E assim Ele alimentou o seu Povo. Pediram codornizes. Ca\u00edram frangos assados do C\u00e9u? N\u00e3o! Deus serviu-se da migra\u00e7\u00e3o das aves. Ave cansada n\u00e3o voa. E o Povo teve carne no deserto. Abriu o mar? Criou o homem com seu corpo atl\u00e9tico como um ad\u00f3nis grego? Sabemos que se serviu da evolu\u00e7\u00e3o, dos acidentes geogr\u00e1ficos, das vit\u00f3rias nas batalhas\u2026 E tudo atribu\u00edram a Deus, como tamb\u00e9m Ele hoje continua a falar pelas circunst\u00e2ncias boas ou m\u00e1s da vida, \u00e0 espera que saibamos fazer a leitura de cada coisa, na certeza de que, como diz o Cura D\u2019Ars, n\u00e3o devemos procurar de onde v\u00eam as cruzes, pois elas v\u00eam todas de Deus. A dor, a alegria, o cancro, aquele acidente, aquele \u00eaxito, aquela viagem, aquele pr\u00e9mio, aquele louvor ou cr\u00edtica\u2026 tudo nos pode ajudar a ouvir Deus falar. S\u00f3 \u00e9 preciso uma coisa: Renovar-nos pela transforma\u00e7\u00e3o espiritual de nossa mente para sabermos o que \u00e9 bom, o que \u00e9 agrad\u00e1vel e o que \u00e9 perfeito. Numa express\u00e3o, Homem Novo. Ou em duas palavras: F\u00e9 e raz\u00e3o, bem alinhadas na nossa personalidade humana e crist\u00e3, para lermos a vida, com os nossos olhos, mas com os de Deus tamb\u00e9m.<\/p>\n<p>Vitor Espadilha<\/p>\n","protected":false},"excerpt":{"rendered":"<p>Po\u00e7o de Jacob &#8211; 122<\/p>\n","protected":false},"author":1,"featured_media":0,"comment_status":"open","ping_status":"open","sticky":false,"template":"","format":"standard","meta":{"footnotes":""},"categories":[52],"tags":[],"class_list":["post-20950","post","type-post","status-publish","format-standard","hentry","category-espiritualidade"],"_links":{"self":[{"href":"https:\/\/sites.ecclesia.pt\/cv\/wp-json\/wp\/v2\/posts\/20950","targetHints":{"allow":["GET"]}}],"collection":[{"href":"https:\/\/sites.ecclesia.pt\/cv\/wp-json\/wp\/v2\/posts"}],"about":[{"href":"https:\/\/sites.ecclesia.pt\/cv\/wp-json\/wp\/v2\/types\/post"}],"author":[{"embeddable":true,"href":"https:\/\/sites.ecclesia.pt\/cv\/wp-json\/wp\/v2\/users\/1"}],"replies":[{"embeddable":true,"href":"https:\/\/sites.ecclesia.pt\/cv\/wp-json\/wp\/v2\/comments?post=20950"}],"version-history":[{"count":0,"href":"https:\/\/sites.ecclesia.pt\/cv\/wp-json\/wp\/v2\/posts\/20950\/revisions"}],"wp:attachment":[{"href":"https:\/\/sites.ecclesia.pt\/cv\/wp-json\/wp\/v2\/media?parent=20950"}],"wp:term":[{"taxonomy":"category","embeddable":true,"href":"https:\/\/sites.ecclesia.pt\/cv\/wp-json\/wp\/v2\/categories?post=20950"},{"taxonomy":"post_tag","embeddable":true,"href":"https:\/\/sites.ecclesia.pt\/cv\/wp-json\/wp\/v2\/tags?post=20950"}],"curies":[{"name":"wp","href":"https:\/\/api.w.org\/{rel}","templated":true}]}}