{"id":20954,"date":"2012-10-03T17:08:00","date_gmt":"2012-10-03T17:08:00","guid":{"rendered":"http:\/\/localhost:81\/wp1\/?p=20954"},"modified":"2012-10-03T17:08:00","modified_gmt":"2012-10-03T17:08:00","slug":"eles-disseram-da-ambicao","status":"publish","type":"post","link":"https:\/\/sites.ecclesia.pt\/cv\/eles-disseram-da-ambicao\/","title":{"rendered":"Eles disseram&#8230; da ambi\u00e7\u00e3o"},"content":{"rendered":"<p>Todo o acesso a uma alta fun\u00e7\u00e3o se serve de uma escada tortuosa.<\/p>\n<p>Francis Bacon <\/p>\n<p>Os homens, t\u00e3o enfadonhos quando se trata das manobras da ambi\u00e7\u00e3o, s\u00e3o atraentes ao agirem por uma grande causa.<\/p>\n<p>Charles de Gaulle <\/p>\n<p>Por vezes a ambi\u00e7\u00e3o faz aceitar as fun\u00e7\u00f5es mais baixas; \u00e9 assim que se sobe, na mesma postura em que se desce.<\/p>\n<p>Jonathan Swift<\/p>\n<p>A ambi\u00e7\u00e3o do homem \u00e9 t\u00e3o grande que, para satisfazer uma vontade presente, n\u00e3o pensa no mal que da\u00ed a algum tempo pode resultar dela.<\/p>\n<p>Maquiavel <\/p>\n<p>Toda a ambi\u00e7\u00e3o \u00e9 leg\u00edtima, salvo as que se erguem sobre as mis\u00e9rias e as crendices da humanidade.<\/p>\n<p>Jospeh Conrad <\/p>\n<p>Para o ambicioso, o bom \u00eaxito desculpa a ilegitimidade dos meios.<\/p>\n<p>Jean Massillon <\/p>\n<p>O dif\u00edcil n\u00e3o \u00e9 subir, mas, ao subir, continuarmos a ser quem somos.<\/p>\n<p>Jules Michelet <\/p>\n<p>Quem aspira a grandes coisas tamb\u00e9m deve sofrer em grande medida.<\/p>\n<p>Plutarco <\/p>\n<p>A amizade e a gratid\u00e3o nada podem contra a ambi\u00e7\u00e3o.<\/p>\n<p>Marie La Fayette<\/p>\n","protected":false},"excerpt":{"rendered":"<p>Todo o acesso a uma alta fun\u00e7\u00e3o se serve de uma escada tortuosa. Francis Bacon Os homens, t\u00e3o enfadonhos quando se trata das manobras da ambi\u00e7\u00e3o, s\u00e3o atraentes ao agirem por uma grande causa. Charles de Gaulle Por vezes a ambi\u00e7\u00e3o faz aceitar as fun\u00e7\u00f5es mais baixas; \u00e9 assim que se sobe, na mesma postura [&hellip;]<\/p>\n","protected":false},"author":1,"featured_media":0,"comment_status":"open","ping_status":"open","sticky":false,"template":"","format":"standard","meta":{"footnotes":""},"categories":[56],"tags":[],"class_list":["post-20954","post","type-post","status-publish","format-standard","hentry","category-almanaque"],"_links":{"self":[{"href":"https:\/\/sites.ecclesia.pt\/cv\/wp-json\/wp\/v2\/posts\/20954","targetHints":{"allow":["GET"]}}],"collection":[{"href":"https:\/\/sites.ecclesia.pt\/cv\/wp-json\/wp\/v2\/posts"}],"about":[{"href":"https:\/\/sites.ecclesia.pt\/cv\/wp-json\/wp\/v2\/types\/post"}],"author":[{"embeddable":true,"href":"https:\/\/sites.ecclesia.pt\/cv\/wp-json\/wp\/v2\/users\/1"}],"replies":[{"embeddable":true,"href":"https:\/\/sites.ecclesia.pt\/cv\/wp-json\/wp\/v2\/comments?post=20954"}],"version-history":[{"count":0,"href":"https:\/\/sites.ecclesia.pt\/cv\/wp-json\/wp\/v2\/posts\/20954\/revisions"}],"wp:attachment":[{"href":"https:\/\/sites.ecclesia.pt\/cv\/wp-json\/wp\/v2\/media?parent=20954"}],"wp:term":[{"taxonomy":"category","embeddable":true,"href":"https:\/\/sites.ecclesia.pt\/cv\/wp-json\/wp\/v2\/categories?post=20954"},{"taxonomy":"post_tag","embeddable":true,"href":"https:\/\/sites.ecclesia.pt\/cv\/wp-json\/wp\/v2\/tags?post=20954"}],"curies":[{"name":"wp","href":"https:\/\/api.w.org\/{rel}","templated":true}]}}