{"id":21,"date":"2006-04-03T14:44:00","date_gmt":"2006-04-03T14:44:00","guid":{"rendered":"http:\/\/localhost:81\/wp1\/?p=21"},"modified":"2006-04-03T14:44:00","modified_gmt":"2006-04-03T14:44:00","slug":"fatima-em-damasco-na-siria","status":"publish","type":"post","link":"https:\/\/sites.ecclesia.pt\/cv\/fatima-em-damasco-na-siria\/","title":{"rendered":"F\u00e1tima em Damasco, na S\u00edria"},"content":{"rendered":"<p>Entrevista ao Arcebispo Metropolitano de Damasco dos s\u00edrios cat\u00f3licos <!--more--> Provavelmente, o facto de F\u00e1tima ser um nome de origem \u00e1rabe reveste uma singular import\u00e2ncia para os cat\u00f3licos do M\u00e9dio Oriente (M.O.), devotos de Nossa Senhora de F\u00e1tima. E talvez a entrada numa das cinco igrejas cat\u00f3licas da Diocese de Damasco tenha despertado a aten\u00e7\u00e3o de um dos empres\u00e1rios da Diocese de Aveiro, pois, por detr\u00e1s do altar, uma bela pintura evoca Nossa Senhora de F\u00e1tima. <\/p>\n<p>Respondendo afirmativamente ao convite do empres\u00e1rio Fausto Oliveira, o Arcebispo Metropolitano de Damasco dos S\u00edrios Cat\u00f3licos, Elias Tabe, veio a Portugal para participar nas celebra\u00e7\u00f5es do Santu\u00e1rio de F\u00e1tima neste m\u00eas de Outubro. O Correio do Vouga entrevistou-o. <\/p>\n<p>O Arcebispo Elias Tabe come\u00e7ou por enumerar as sete Igrejas Cat\u00f3licas do M\u00e9dio Oriente, a saber, a Arm\u00e9nia, a Caldeia, a Copta, a Latina, a Maronita, a Melquita e a Sir\u00edaca. \u00c9 a esta \u00faltima que pertence este prelado da Diocese de Damasco, Patriarcado de Antioquia. Interessante ser\u00e1 referir o facto de que coexistem no M\u00e9dio Oriente estas Igrejas Cat\u00f3licas e as suas correspondentes Ortodoxas (Sir\u00edaca Cat\u00f3lica \/ Sir\u00edaca Ortodoxa; Arm\u00e9nia Cat\u00f3lica \/ Arm\u00e9nia Ortodoxa). Dependendo do Vaticano, o que distingue os Cat\u00f3licos Orientais dos Cat\u00f3licos Latinos s\u00e3o tr\u00eas aspectos: a administra\u00e7\u00e3o; a liturgia e a disciplina. Com efeito, \u00e9 o sinote (Confer\u00eancia Episcopal da Igreja Cat\u00f3lica do M\u00e9dio Oriente) que escolhe os seus Bispos, sendo estes confirmados pelo Papa. Quanto \u00e0 liturgia, seguem os ritos orientais. S\u00e3o, pois, uma Igreja sui iuris (\u00e0 parte).<\/p>\n<p>A este prop\u00f3sito, o Arcebispo s\u00edrio esclareceu que mant\u00eam algumas tradi\u00e7\u00f5es dos primeiros crist\u00e3os, pois o Patriarcado de Antioquia descende directamente das primeiras comunidades (cf. Act 11, 19-26) e foram eles os primeiros a serem chamados de crist\u00e3os (cf. Act 11, 26). Relembrando a hist\u00f3ria da Igreja, referiu o Conc\u00edlio de \u00c9feso (431) e a consequente separa\u00e7\u00e3o do Patriarcado de Antioquia do de Roma. <\/p>\n<p>Por outro lado, os cat\u00f3licos orientais do M\u00e9dio Oriente apoderaram-se de in\u00fameros cultos e rituais dos cat\u00f3licos ocidentais, tais como a Celebra\u00e7\u00e3o da Imaculada Concei\u00e7\u00e3o (dogma que n\u00e3o \u00e9 aceite pelos crist\u00e3os ortodoxos); a Exposi\u00e7\u00e3o e Adora\u00e7\u00e3o do Sant\u00edssimo Sacramento; a Via-Sacra; os Santos Latinos; as Confrarias; F\u00e1tima e a ora\u00e7\u00e3o do Ros\u00e1rio. O Primado do Papa de Roma \u00e9 outro aspecto que os distingue dos crist\u00e3os ortodoxos. <\/p>\n<p>Falando da liberdade religiosa e da coexist\u00eancia de religi\u00f5es, afirmou n\u00e3o haver problemas, exemplificando mesmo com a realiza\u00e7\u00e3o da Prociss\u00e3o do Domingo de Ramos, na Par\u00f3quia de Nossa Senhora de F\u00e1tima, em Damasco. Apesar de hoje haver menos voca\u00e7\u00f5es sacerdotais, elas s\u00e3o suficientes para responder \u00e0s necessidades da comunidade, tendo a sua Diocese enviado padres para as diversas comunidades sir\u00edacas espalhadas pelo mundo. Tamb\u00e9m em Roma, no Col\u00e9gio dos Padres Orientais do M\u00e9dio Oriente, onde est\u00e3o os padres cat\u00f3licos de todas as Igrejas do M.O. que fazem a sua especializa\u00e7\u00e3o, se encontra um dos padres da Diocese de Damasco, exercendo as fun\u00e7\u00f5es de Reitor. <\/p>\n<p>Os crist\u00e3os t\u00eam alguns privil\u00e9gios por parte do Governo. De facto, a luz e a \u00e1gua s\u00e3o gratuitas para os locais de culto; os seminaristas s\u00e3o isentos do servi\u00e7o militar. O ensino religioso \u00e9 obrigat\u00f3rio na S\u00edria. Em todas as escolas, h\u00e1 padres cat\u00f3licos e mu\u00e7ulmanos para ministrar as respectivas aulas. <\/p>\n<p>Interpelado quanto \u00e0 interven\u00e7\u00e3o dos cat\u00f3licos na sociedade s\u00edria, o Arcebispo Elias Tabe informou que, se, por um lado, a Constitui\u00e7\u00e3o da S\u00edria impede que um crist\u00e3o seja Presidente do pa\u00eds, situa\u00e7\u00e3o comum a todos os pa\u00edses \u00e1rabes, \u00e0 excep\u00e7\u00e3o do L\u00edbano, que n\u00e3o contempla tal disposi\u00e7\u00e3o, em termos pol\u00edticos, os cat\u00f3licos s\u00edrios participam na vida partid\u00e1ria e actuam de forma empenhada em termos sociais. Excepto no partido pol\u00edtico dos Irm\u00e3os Mu\u00e7ulmanos, em todos h\u00e1 presen\u00e7a de crist\u00e3os, bem como no Parlamento. <\/p>\n<p>\u00c9 pela educa\u00e7\u00e3o familiar, nas igrejas e na comunica\u00e7\u00e3o social diocesana que a mensagem da doutrina social da Igreja Cat\u00f3lica e os valores do cristianismo s\u00e3o divulgados. Tamb\u00e9m face a este aspecto se nota uma reac\u00e7\u00e3o positiva dos mu\u00e7ulmanos, uma vez que a doutrina social da Igreja n\u00e3o contraria os fundamentos do Isl\u00e3o. <\/p>\n<p>Temas como Direitos Humanos, da Mulher, dos Trabalhadores, Democracia s\u00e3o bem recebidos pelo povo, havendo comportamentos sociais dos crist\u00e3os que influenciam os mu\u00e7ulmanos, nomeadamente algumas mulheres. <\/p>\n<p>Antes de terminar, fizemos a pergunta inevit\u00e1vel quanto ao ambiente de guerra que se vive no M\u00e9dio Oriente. Relembrando a posi\u00e7\u00e3o do Delegado s\u00edrio na ONU e no Conselho de Seguran\u00e7a, o nosso entrevistado reafirmou que a S\u00edria quer a paz. Neste momento, n\u00e3o possuem armas para combater o Iraque, apesar de a campanha orquestrada pelos media americanos querer lev\u00e1-los a colaborar com os EUA. <\/p>\n<p>Porque n\u00e3o poderia deixar de ser, quisemos saber como vive este Arcebispo s\u00edrio as comemora\u00e7\u00f5es dos 25 anos de Pontificado de Jo\u00e3o Paulo II. \u201cComo voc\u00eas\u201d, respondeu \u2013 tamb\u00e9m em Damasco haver\u00e1 uma Celebra\u00e7\u00e3o comemorativa para a qual foram convidados todos os cat\u00f3licos, os representantes de v\u00e1rios pa\u00edses e as altas individualidades da S\u00edria. Ser\u00e1 no dia 16 de Outubro. M. Elias Tabe n\u00e3o estar\u00e1 presente, comemorando entre n\u00f3s. <\/p>\n","protected":false},"excerpt":{"rendered":"<p>Entrevista ao Arcebispo Metropolitano de Damasco dos s\u00edrios cat\u00f3licos<\/p>\n","protected":false},"author":1,"featured_media":0,"comment_status":"open","ping_status":"open","sticky":false,"template":"","format":"standard","meta":{"footnotes":""},"categories":[66],"tags":[],"class_list":["post-21","post","type-post","status-publish","format-standard","hentry","category-cultura"],"_links":{"self":[{"href":"https:\/\/sites.ecclesia.pt\/cv\/wp-json\/wp\/v2\/posts\/21","targetHints":{"allow":["GET"]}}],"collection":[{"href":"https:\/\/sites.ecclesia.pt\/cv\/wp-json\/wp\/v2\/posts"}],"about":[{"href":"https:\/\/sites.ecclesia.pt\/cv\/wp-json\/wp\/v2\/types\/post"}],"author":[{"embeddable":true,"href":"https:\/\/sites.ecclesia.pt\/cv\/wp-json\/wp\/v2\/users\/1"}],"replies":[{"embeddable":true,"href":"https:\/\/sites.ecclesia.pt\/cv\/wp-json\/wp\/v2\/comments?post=21"}],"version-history":[{"count":0,"href":"https:\/\/sites.ecclesia.pt\/cv\/wp-json\/wp\/v2\/posts\/21\/revisions"}],"wp:attachment":[{"href":"https:\/\/sites.ecclesia.pt\/cv\/wp-json\/wp\/v2\/media?parent=21"}],"wp:term":[{"taxonomy":"category","embeddable":true,"href":"https:\/\/sites.ecclesia.pt\/cv\/wp-json\/wp\/v2\/categories?post=21"},{"taxonomy":"post_tag","embeddable":true,"href":"https:\/\/sites.ecclesia.pt\/cv\/wp-json\/wp\/v2\/tags?post=21"}],"curies":[{"name":"wp","href":"https:\/\/api.w.org\/{rel}","templated":true}]}}