{"id":21016,"date":"2012-10-25T09:43:00","date_gmt":"2012-10-25T09:43:00","guid":{"rendered":"http:\/\/localhost:81\/wp1\/?p=21016"},"modified":"2012-10-25T09:43:00","modified_gmt":"2012-10-25T09:43:00","slug":"o-animador-tem-de-conseguir-desmancar-o-coxo","status":"publish","type":"post","link":"https:\/\/sites.ecclesia.pt\/cv\/o-animador-tem-de-conseguir-desmancar-o-coxo\/","title":{"rendered":"&#8220;O animador tem de conseguir desmancar o coxo&#8221;"},"content":{"rendered":"<p>Jornadas sublinham prioridade da forma\u00e7\u00e3o <!--more--> Decorreram em F\u00e1tima as I Jornadas Nacionais de Pastoral Juvenil, nos dias 19 e 20 de outubro. Esta iniciativa contou com mais de 250 participantes. \u201cF\u00e9 e Nova Evangeliza\u00e7\u00e3o: Ide e Fazei Disc\u00edpulos\u201d foi o tema que a todos cativou nesta primeira grande reuni\u00e3o e chamamento \u00e0 reflex\u00e3o dos agentes de pastoral juvenil.<\/p>\n<p>A noite de sexta-feira contou com a presen\u00e7a de Alfredo Teixeira, soci\u00f3logo e docente da Universidade Cat\u00f3lica Portuguesa, que reuniu e analisou, em forma de an\u00e1lise SWOT, os dados dos secretariados diocesanos de pastoral juvenil.<\/p>\n<p>Entre for\u00e7as e fraquezas, oportunidades e amea\u00e7as (SWOT quer dizer strenghts e weaknesses, opportunities e threats), surgiu uma juventude mais aberta \u00e0 religiosidade do que h\u00e1 20 ou 30 anos, quando terminavam a caminhada de f\u00e9 na primeira comunh\u00e3o. Nasceram novas linhas de a\u00e7\u00e3o na cultura juvenil e uma necessidade de acompanhamento por parte dos sacerdotes e bispos.<\/p>\n<p>\u201cSe a Igreja quiser continuar a ser significante para a vida dos jovens, essa mensagem tem de atravessar as culturas juvenis de forma muito mais ampla\u201d, afirmou. As v\u00e1rias formas de comunica\u00e7\u00e3o e linguagens que aproximam os jovens t\u00eam tamb\u00e9m de ser contempladas na a\u00e7\u00e3o dos agentes de pastoral juvenil. O soci\u00f3logo terminou ainda dizendo que \u201colhar o futuro \u00e9 mais f\u00e1cil se for acompanhado e a Igreja tem de ser lugar de encontro e acolhimento, mas tamb\u00e9m aberta \u00e0 nova realidade da mobilidade\u201d.<\/p>\n<p>O P.e Riccardo Tonelli, salesiano e especialista em pastoral juvenil, cativou o audit\u00f3rio cheio. O sacerdote italiano chamou os animadores a falarem de Jesus aos jovens como \u201cS\u00e3o Pedro falou ao coxo em vez de lhe dar dinheiro\u201d. \u201cO animador tem de conseguir desmancar o coxo, com palavras de Jesus, para isso \u00e9 preciso ter \u201couvidos de amor\u201d para perceber os jovens.\u201d <\/p>\n<p>P.e Riccardo disse ainda estar \u201cconvencido que se anunciarmos o amor de Jesus desencadeamos em voca\u00e7\u00e3o\u00bb. As propostas para o servi\u00e7o na nova evangeliza\u00e7\u00e3o: evangelizar como gesto de amor (falar de Jesus, necessidade evangelizar com amor) ser\u00e1 evangelizar num correto modelo de comunica\u00e7\u00e3o.<\/p>\n<p>O especialista em pastoral juvenil falou ainda da comunica\u00e7\u00e3o que \u00e9 preciso aplicar: \u201cTratar a comunica\u00e7\u00e3o como uma experi\u00eancia que seja a minha envolvendo o outro com essa experi\u00eancia, uma comunica\u00e7\u00e3o que impele o seguimento e por fim uma comunica\u00e7\u00e3o que antecipa em pequeno o que se anuncia. Os crist\u00e3os s\u00e3o por voca\u00e7\u00e3o os anunciadores da esperan\u00e7a, por serem testemunhas da paix\u00e3o de Deus pela vida de todos.\u201d<\/p>\n<p>As jornadas inclu\u00edram a celebra\u00e7\u00e3o da Eucaristia, presidida por D. Il\u00eddio Leandro, e, na noite de sexta, um concerto orante.<\/p>\n<p>Ecos de um participante aveirense<\/p>\n<p>Forma\u00e7\u00e3o animadores: j\u00e1 e sempre<\/p>\n<p>As I Jornadas de Pastoral Juvenil (a)firmaram-se como uma lufada de ar fresco na pastoral juvenil nacional. Num momento \u00fanico de partilha, estas jornadas, \u201cface \u00e0s sombras que escurecem o horizonte do mundo atual\u201d, sublinharam a emerg\u00eancia da procura formativa por parte dos animadores da pastoral juvenil. S\u00f3 atrav\u00e9s de uma forma\u00e7\u00e3o cont\u00ednua se poder\u00e1 responder \u00e0s necessidades reais dos jovens que nos \u201cgritam\u201d por liberdade de express\u00e3o da sua f\u00e9, que \u00e9 a pr\u00f3pria esperan\u00e7a neste mundo contempor\u00e2neo onde \u00e9 cada vez mais necess\u00e1rio analisar a realidade sob v\u00e1rios \u00e2ngulos. <\/p>\n<p>Eddy Martins, <\/p>\n<p>do arciprestado de Vagos<\/p>\n","protected":false},"excerpt":{"rendered":"<p>Jornadas sublinham prioridade da forma\u00e7\u00e3o<\/p>\n","protected":false},"author":1,"featured_media":0,"comment_status":"open","ping_status":"open","sticky":false,"template":"","format":"standard","meta":{"footnotes":""},"categories":[51],"tags":[],"class_list":["post-21016","post","type-post","status-publish","format-standard","hentry","category-jovens"],"_links":{"self":[{"href":"https:\/\/sites.ecclesia.pt\/cv\/wp-json\/wp\/v2\/posts\/21016","targetHints":{"allow":["GET"]}}],"collection":[{"href":"https:\/\/sites.ecclesia.pt\/cv\/wp-json\/wp\/v2\/posts"}],"about":[{"href":"https:\/\/sites.ecclesia.pt\/cv\/wp-json\/wp\/v2\/types\/post"}],"author":[{"embeddable":true,"href":"https:\/\/sites.ecclesia.pt\/cv\/wp-json\/wp\/v2\/users\/1"}],"replies":[{"embeddable":true,"href":"https:\/\/sites.ecclesia.pt\/cv\/wp-json\/wp\/v2\/comments?post=21016"}],"version-history":[{"count":0,"href":"https:\/\/sites.ecclesia.pt\/cv\/wp-json\/wp\/v2\/posts\/21016\/revisions"}],"wp:attachment":[{"href":"https:\/\/sites.ecclesia.pt\/cv\/wp-json\/wp\/v2\/media?parent=21016"}],"wp:term":[{"taxonomy":"category","embeddable":true,"href":"https:\/\/sites.ecclesia.pt\/cv\/wp-json\/wp\/v2\/categories?post=21016"},{"taxonomy":"post_tag","embeddable":true,"href":"https:\/\/sites.ecclesia.pt\/cv\/wp-json\/wp\/v2\/tags?post=21016"}],"curies":[{"name":"wp","href":"https:\/\/api.w.org\/{rel}","templated":true}]}}