{"id":21017,"date":"2012-10-25T09:44:00","date_gmt":"2012-10-25T09:44:00","guid":{"rendered":"http:\/\/localhost:81\/wp1\/?p=21017"},"modified":"2012-10-25T09:44:00","modified_gmt":"2012-10-25T09:44:00","slug":"viagem-pelas-religioes-em-busca-do-absoluto","status":"publish","type":"post","link":"https:\/\/sites.ecclesia.pt\/cv\/viagem-pelas-religioes-em-busca-do-absoluto\/","title":{"rendered":"Viagem pelas religi\u00f5es em busca do Absoluto"},"content":{"rendered":"<p>Deus existe? Uma viagem pelas religi\u00f5es<\/p>\n<p>Carreira das Neves<\/p>\n<p>Editorial Presen\u00e7a<\/p>\n<p>444 p\u00e1ginas<\/p>\n<p>O P.e Joaquim Carreira das Neves escreve na apresenta\u00e7\u00e3o deste livro que \u201cn\u00e3o se trata de um adeus, mas de um agradecimento\u201d e dedica a obra aos seus \u201cmilhares de amigos\u201d, dos confrades franciscanos aos familiares de sangue, passando pelos alunos da Faculdade de Teologia. N\u00e3o sendo um adeus, \u00e9, at\u00e9 pelo tamanho da obra, uma esp\u00e9cie de resumo da dedica\u00e7\u00e3o do autor, ao longo da vida, ao estudo das v\u00e1rias religi\u00f5es.<\/p>\n<p>Temos neste livro n\u00e3o uma mas v\u00e1rias viagens pelas religi\u00f5es, quer na atualidade, quer ao longo da hist\u00f3ria. O autor conhece a literatura de todas as religi\u00f5es, abundantemente citada, e os pensadores contempor\u00e2neos de cada tradi\u00e7\u00e3o. E se o cristianismo \u00e9 a f\u00e9\/religi\u00e3o que nos \u00e9 mais pr\u00f3xima e mais conhecida, temos aqui uma excelente panor\u00e2mica de outras religi\u00f5es que marcam o mundo, algumas delas pelos aspetos mais negativos, quando s\u00e3o tomadas pelo fundamentalismo (fala-se no livro do fundamentalismo judaico e isl\u00e2mico, mas tamb\u00e9m o h\u00e1 crist\u00e3o e hindu\u00edsta). Ficamos a par de religi\u00f5es que nos s\u00e3o estranhas, como o animismo\/xamanismo\/totemismo, de movimentos modernos inspirados na B\u00edblia, como os M\u00f3rmones, os Moons e as Testemunhas de Jeov\u00e1, e do grande porqu\u00ea da divis\u00e3o entre cat\u00f3licos, ortodoxos, protestantes e evang\u00e9licos, ainda que pare\u00e7a redutor resumir tudo a uma pergunta: \u201cPapa, sim ou n\u00e3o?\u201d.<\/p>\n<p>Carreira das Neves afirma que \u201cDeus est\u00e1 bem vivo nas multiformes representa\u00e7\u00f5es religiosas de hoje\u201d, pelo que segue um m\u00e9todo descritivo, procurando as \u201cmanifesta\u00e7\u00f5es multiformes e vivenciais de Deus\u201d. \u00c0 pergunta do t\u00edtulo, que \u00e9 igual ao da obra do te\u00f3logo su\u00ed\u00e7o Hans Kung, referido logo na p\u00e1gina 19 (e que \u00e9 a pergunta que, no fundo, qualquer crente ou ateu faz nas mais diversas circunst\u00e2ncias), Carreira das Neves responde que \u201cn\u00e3o houve nem haver\u00e1 Hist\u00f3ria sem Religi\u00e3o\u201d. \u201cAcredito que Deus existe\u201d.<\/p>\n","protected":false},"excerpt":{"rendered":"<p>Deus existe? Uma viagem pelas religi\u00f5es Carreira das Neves Editorial Presen\u00e7a 444 p\u00e1ginas O P.e Joaquim Carreira das Neves escreve na apresenta\u00e7\u00e3o deste livro que \u201cn\u00e3o se trata de um adeus, mas de um agradecimento\u201d e dedica a obra aos seus \u201cmilhares de amigos\u201d, dos confrades franciscanos aos familiares de sangue, passando pelos alunos da [&hellip;]<\/p>\n","protected":false},"author":1,"featured_media":0,"comment_status":"open","ping_status":"open","sticky":false,"template":"","format":"standard","meta":{"footnotes":""},"categories":[54],"tags":[],"class_list":["post-21017","post","type-post","status-publish","format-standard","hentry","category-livros-e-multimedia"],"_links":{"self":[{"href":"https:\/\/sites.ecclesia.pt\/cv\/wp-json\/wp\/v2\/posts\/21017","targetHints":{"allow":["GET"]}}],"collection":[{"href":"https:\/\/sites.ecclesia.pt\/cv\/wp-json\/wp\/v2\/posts"}],"about":[{"href":"https:\/\/sites.ecclesia.pt\/cv\/wp-json\/wp\/v2\/types\/post"}],"author":[{"embeddable":true,"href":"https:\/\/sites.ecclesia.pt\/cv\/wp-json\/wp\/v2\/users\/1"}],"replies":[{"embeddable":true,"href":"https:\/\/sites.ecclesia.pt\/cv\/wp-json\/wp\/v2\/comments?post=21017"}],"version-history":[{"count":0,"href":"https:\/\/sites.ecclesia.pt\/cv\/wp-json\/wp\/v2\/posts\/21017\/revisions"}],"wp:attachment":[{"href":"https:\/\/sites.ecclesia.pt\/cv\/wp-json\/wp\/v2\/media?parent=21017"}],"wp:term":[{"taxonomy":"category","embeddable":true,"href":"https:\/\/sites.ecclesia.pt\/cv\/wp-json\/wp\/v2\/categories?post=21017"},{"taxonomy":"post_tag","embeddable":true,"href":"https:\/\/sites.ecclesia.pt\/cv\/wp-json\/wp\/v2\/tags?post=21017"}],"curies":[{"name":"wp","href":"https:\/\/api.w.org\/{rel}","templated":true}]}}