{"id":21018,"date":"2012-10-25T09:45:00","date_gmt":"2012-10-25T09:45:00","guid":{"rendered":"http:\/\/localhost:81\/wp1\/?p=21018"},"modified":"2012-10-25T09:45:00","modified_gmt":"2012-10-25T09:45:00","slug":"jesus-e-o-amar-da-galileia","status":"publish","type":"post","link":"https:\/\/sites.ecclesia.pt\/cv\/jesus-e-o-amar-da-galileia\/","title":{"rendered":"Jesus e o amar da Galileia"},"content":{"rendered":"<p>N\u00e3o \u00e9 um livro. \u00c9 um mapa. Desdobra-se o conjunto e temos, de um lado, um mapa do mar da Galileia e sua regi\u00e3o, e, do outro, explica\u00e7\u00f5es sobre \u201co an\u00fancio\u201d, \u201cos sinais\u201d, \u201cos mist\u00e9rios\u201d, \u201ca presen\u00e7a\u201d e \u201cos habitantes do Reino\u201d. Estamos, pois, perante um subs\u00eddio para a catequese, para melhor conhecer a vida e a\u00e7\u00e3o de Jesus nos tempos da Galileia, no norte, antes da ida a Jerusal\u00e9m, no sul, para a crucifica\u00e7\u00e3o. \u00c9 \u00e0 volta do lago da Palestina \u2013 conhecido por quatro nomes: Lago de Tiber\u00edades, Lago de Genesar\u00e9, Mar da Galileia e Mar de Kinneret \u2013 que acontecem os milagres, a multiplica\u00e7\u00e3o dos p\u00e3es, a proclama\u00e7\u00e3o das par\u00e1bolas, o an\u00fancio do Reino. O mar nem \u00e9 bem um mar, apenas um lago de 21 km de comprimento por 11 de largura. Mas nunca um peda\u00e7o de \u00e1gua foi t\u00e3o influente.<\/p>\n","protected":false},"excerpt":{"rendered":"<p>N\u00e3o \u00e9 um livro. \u00c9 um mapa. Desdobra-se o conjunto e temos, de um lado, um mapa do mar da Galileia e sua regi\u00e3o, e, do outro, explica\u00e7\u00f5es sobre \u201co an\u00fancio\u201d, \u201cos sinais\u201d, \u201cos mist\u00e9rios\u201d, \u201ca presen\u00e7a\u201d e \u201cos habitantes do Reino\u201d. Estamos, pois, perante um subs\u00eddio para a catequese, para melhor conhecer a vida [&hellip;]<\/p>\n","protected":false},"author":1,"featured_media":0,"comment_status":"open","ping_status":"open","sticky":false,"template":"","format":"standard","meta":{"footnotes":""},"categories":[54],"tags":[],"class_list":["post-21018","post","type-post","status-publish","format-standard","hentry","category-livros-e-multimedia"],"_links":{"self":[{"href":"https:\/\/sites.ecclesia.pt\/cv\/wp-json\/wp\/v2\/posts\/21018","targetHints":{"allow":["GET"]}}],"collection":[{"href":"https:\/\/sites.ecclesia.pt\/cv\/wp-json\/wp\/v2\/posts"}],"about":[{"href":"https:\/\/sites.ecclesia.pt\/cv\/wp-json\/wp\/v2\/types\/post"}],"author":[{"embeddable":true,"href":"https:\/\/sites.ecclesia.pt\/cv\/wp-json\/wp\/v2\/users\/1"}],"replies":[{"embeddable":true,"href":"https:\/\/sites.ecclesia.pt\/cv\/wp-json\/wp\/v2\/comments?post=21018"}],"version-history":[{"count":0,"href":"https:\/\/sites.ecclesia.pt\/cv\/wp-json\/wp\/v2\/posts\/21018\/revisions"}],"wp:attachment":[{"href":"https:\/\/sites.ecclesia.pt\/cv\/wp-json\/wp\/v2\/media?parent=21018"}],"wp:term":[{"taxonomy":"category","embeddable":true,"href":"https:\/\/sites.ecclesia.pt\/cv\/wp-json\/wp\/v2\/categories?post=21018"},{"taxonomy":"post_tag","embeddable":true,"href":"https:\/\/sites.ecclesia.pt\/cv\/wp-json\/wp\/v2\/tags?post=21018"}],"curies":[{"name":"wp","href":"https:\/\/api.w.org\/{rel}","templated":true}]}}