{"id":21019,"date":"2012-10-25T09:45:00","date_gmt":"2012-10-25T09:45:00","guid":{"rendered":"http:\/\/localhost:81\/wp1\/?p=21019"},"modified":"2012-10-25T09:45:00","modified_gmt":"2012-10-25T09:45:00","slug":"cancro-de-mama","status":"publish","type":"post","link":"https:\/\/sites.ecclesia.pt\/cv\/cancro-de-mama\/","title":{"rendered":"Cancro de Mama"},"content":{"rendered":"<p>http:\/\/www.cancrodamama.com\/ <!--more--> Outubro \u00e9 o m\u00eas internacional de preven\u00e7\u00e3o do Cancro da Mama, \u201cestimando-se que, na Europa, surjam todos os anos 430 mil novos casos e que uma em cada 10 mulheres venha a desenvolver a doen\u00e7a antes dos 80 anos\u201d. \u201cO cancro da mama \u00e9 o tipo de cancro mais comum entre as mulheres (n\u00e3o considerando o cancro da pele), e corresponde \u00e0 segunda causa de morte por cancro, na mulher. Em Portugal, anualmente s\u00e3o detetados cerca de 4500 novos casos de cancro da mama, e 1500 mulheres morrem com esta doen\u00e7a\u201d.<\/p>\n<p>Assim, como forma de chamarmos a aten\u00e7\u00e3o para esta realidade, esta semana trazemos para este espa\u00e7o um s\u00edtio online inteiramente dedicado a esta doen\u00e7a. Ao digitar o endere\u00e7o www.cancrodamama.com entra num espa\u00e7o maioritariamente informativo e que, apesar do design n\u00e3o ser um dos pontos fortes, atinge o objetivo a que se prop\u00f4s \u2013 divulga\u00e7\u00e3o do cancro mais comum entre as mulheres. <\/p>\n<p>Na op\u00e7\u00e3o \u201cartigos\u201d, encontra um conjunto enorme de textos referentes a esta doen\u00e7a que possui um elevado impacto na nossa sociedade, \u201cn\u00e3o s\u00f3 por ser muito frequente, e associado a uma imagem de grande gravidade, mas tamb\u00e9m porque agride um \u00f3rg\u00e3o cheio de simbolismo, na maternidade e na feminilidade\u201d. Caso pretenda saber quais os sintomas que est\u00e3o associados ao cancro da mama, clique em \u201csintomas\u201d, porque \u201cmuitos cancros assinalam a sua presen\u00e7a numa fase precoce, quando a cura completa \u00e9 ainda poss\u00edvel\u201d. No item \u201cautoexame\u201d, s\u00e3o apresentadas de uma forma esquem\u00e1tica algumas formas de realiza\u00e7\u00e3o dessa autoavalia\u00e7\u00e3o, porque a \u201cSociedade Americana do Cancro aconselha que todas as mulheres acima dos vinte anos realizem mensalmente autoexames aos seios\u201d. Como sabemos \u201ca mamografia, ou radiografia da mama, consegue detetar o cancro da mama antes de se sentir qualquer caro\u00e7o \u00e0 palpa\u00e7\u00e3o\u201d, assim, na op\u00e7\u00e3o \u201cmamografia\u201d ficar\u00e1 a conhecer mais informa\u00e7\u00f5es sobre esta t\u00e3o importante a\u00e7\u00e3o. Em \u201ctratamento\u201d, \u00e9-nos apresentada a forma como se aplica a terap\u00eautica referente a esta doen\u00e7a. \u00c9 poss\u00edvel ainda perceber como se vive com o cancro e como se reabilita uma pessoa ap\u00f3s tratamento do cancro.<\/p>\n<p>Por \u00faltimo, acedemos a um espa\u00e7o mais interativo denominado \u201ctestemunhos\u201d, onde \u00e9 solicitado \u00e0s pessoas que partilhem o seu testemunho como forma de ajudar as restantes com a sua experi\u00eancia.<\/p>\n<p>Fernando Cassola Marques<\/p>\n","protected":false},"excerpt":{"rendered":"<p>http:\/\/www.cancrodamama.com\/<\/p>\n","protected":false},"author":1,"featured_media":0,"comment_status":"open","ping_status":"open","sticky":false,"template":"","format":"standard","meta":{"footnotes":""},"categories":[54],"tags":[],"class_list":["post-21019","post","type-post","status-publish","format-standard","hentry","category-livros-e-multimedia"],"_links":{"self":[{"href":"https:\/\/sites.ecclesia.pt\/cv\/wp-json\/wp\/v2\/posts\/21019","targetHints":{"allow":["GET"]}}],"collection":[{"href":"https:\/\/sites.ecclesia.pt\/cv\/wp-json\/wp\/v2\/posts"}],"about":[{"href":"https:\/\/sites.ecclesia.pt\/cv\/wp-json\/wp\/v2\/types\/post"}],"author":[{"embeddable":true,"href":"https:\/\/sites.ecclesia.pt\/cv\/wp-json\/wp\/v2\/users\/1"}],"replies":[{"embeddable":true,"href":"https:\/\/sites.ecclesia.pt\/cv\/wp-json\/wp\/v2\/comments?post=21019"}],"version-history":[{"count":0,"href":"https:\/\/sites.ecclesia.pt\/cv\/wp-json\/wp\/v2\/posts\/21019\/revisions"}],"wp:attachment":[{"href":"https:\/\/sites.ecclesia.pt\/cv\/wp-json\/wp\/v2\/media?parent=21019"}],"wp:term":[{"taxonomy":"category","embeddable":true,"href":"https:\/\/sites.ecclesia.pt\/cv\/wp-json\/wp\/v2\/categories?post=21019"},{"taxonomy":"post_tag","embeddable":true,"href":"https:\/\/sites.ecclesia.pt\/cv\/wp-json\/wp\/v2\/tags?post=21019"}],"curies":[{"name":"wp","href":"https:\/\/api.w.org\/{rel}","templated":true}]}}