{"id":21020,"date":"2012-10-25T09:47:00","date_gmt":"2012-10-25T09:47:00","guid":{"rendered":"http:\/\/localhost:81\/wp1\/?p=21020"},"modified":"2012-10-25T09:47:00","modified_gmt":"2012-10-25T09:47:00","slug":"24-de-outubro-na-historia-de-aveiro","status":"publish","type":"post","link":"https:\/\/sites.ecclesia.pt\/cv\/24-de-outubro-na-historia-de-aveiro\/","title":{"rendered":"24 de outubro na hist\u00f3ria de Aveiro"},"content":{"rendered":"<p>1638 \u2014 Foi passada provis\u00e3o aos vig\u00e1rios das igrejas da vila de Aveiro para que o prioste da Comenda da dita vila lhes pagasse os seus mantimentos.<\/p>\n<p>1732 \u2014 Foi passada carta de familiar do Santo Of\u00edcio a Lu\u00eds Ant\u00f3nio, homem de neg\u00f3cios, natural da vila de Eixo, onde residia, filho de Isidoro Fernandes e de Maria Andr\u00e9.<\/p>\n<p>1780 \u2014 Chegaram a Viana do Castelo as primeiras carmelitas, dando origem ao Convento do Desterro de Jesus, Maria e Jos\u00e9; do grupo fazia parte a Madre Joana Teresa da Concei\u00e7\u00e3o, ida da comunidade de Aveiro.<\/p>\n<p>1855 \u2014 Por decreto governamental, foi reformada a divis\u00e3o administrativa, judicial e eleitoral do territ\u00f3rio do Distrito de Aveiro. At\u00e9 esta data, toda a restinga de areia, desde o Furadouro \u00e0 barra velha, pertencia \u00e0 freguesia de Ovar; pelo referido decreto, apenas a costa do Furadouro ficou em Ovar, passando para o Bunheiro a costa da Torreira, para a Vera Cruz a costa de S\u00e3o Jacinto, para \u00cdlhavo a Costa Nova do Prado e para Vagos a costa da Vagueira.<\/p>\n<p>1863 \u2014 O P.e Jos\u00e9 Joaquim de Carvalho e G\u00f3is, vig\u00e1rio-geral da Diocese de Aveiro, publicou um novo regulamento para o Semin\u00e1rio Episcopal que obteria aprova\u00e7\u00e3o r\u00e9gia em 26 deste m\u00eas.<\/p>\n<p>1869 \u2014 Faleceu o vig\u00e1rio-geral da Diocese, Padre Jos\u00e9 Joaquim de Carvalho e G\u00f3is, sendo a sua morte geralmente sentida. Depois de solenes ex\u00e9quias na S\u00e9, foi sepultado no cemit\u00e9rio p\u00fablico de Aveiro, tendo por monumento uma simples cruz. Foi c\u00f3nego da S\u00e9 do Porto, professor de Direito Can\u00f3nico no Semin\u00e1rio de Aveiro, pregador r\u00e9gio e regente da Banda Amizade.<\/p>\n<p>1900 \u2014 Iniciou a sua publica\u00e7\u00e3o \u201cO Progresso de Aveiro\u201d, \u00f3rg\u00e3o do Partido Progressista no Distrito, de que era principal redator Jos\u00e9 Eduardo de Almeida Vilhena; durou uns dez anos e teve a\u00e7\u00e3o preponderante no apoio pol\u00edtico a Gustavo Ferreira Pinto Basto.<\/p>\n<p>1923 \u2014 D. Jo\u00e3o Evangelista de Lima Vidal, arcebispo-bispo da recente Diocese de Vila Real de Tr\u00e1s-os-Montes, entrou nesta cidade para iniciar a sua nova atividade, sendo afetuosa e festivamente recebido.<\/p>\n<p>1929 \u2014 O Di\u00e1rio do Governo publicou nesta data um decreto em que classificou como inst\u00e2ncia de turismo a cidade de Aveiro, cuja \u00ab\u00e1rea sujeita a jurisdi\u00e7\u00e3o da sua comiss\u00e3o de iniciativa \u00e9 constitu\u00edda por todo o concelho de Aveiro\u00bb.<\/p>\n<p>1937 \u2014 O Dr. Alberto Souto (1888-1961) redigiu o seu testamento onde, al\u00e9m de outras disposi\u00e7\u00f5es, pede que na sua sepultura, no cemit\u00e9rio de Aradas, se coloque uma cruz porque \u2013 escreveu \u2013 \u00abeu sou crist\u00e3o, adoro Deus e creio na virtude divina de Jesus, que foi muito justo e muito bom e a cuja prote\u00e7\u00e3o muitas vezes me tenho confiado&#8230; Quero ser enterrado como o foram os que me criaram. O Cristo do meu quarto ser\u00e1 o meu \u00faltimo companheiro\u00bb. Imagem: Est\u00e1tua dos jardins do Museu de Aveiro.<\/p>\n<p>1977 \u2014 Nos estaleiros de S\u00e3o Jacinto foi descerrado o busto de Carlos Roeder, j\u00e1 falecido, fundador desta e de outras empresas industriais.<\/p>\n<p>Fonte: \u201cCalend\u00e1rio Hist\u00f3rico de Aveiro\u201d,  de Ant\u00f3nio Christo e Jo\u00e3o Gon\u00e7alves Gaspar.<\/p>\n","protected":false},"excerpt":{"rendered":"<p>1638 \u2014 Foi passada provis\u00e3o aos vig\u00e1rios das igrejas da vila de Aveiro para que o prioste da Comenda da dita vila lhes pagasse os seus mantimentos. 1732 \u2014 Foi passada carta de familiar do Santo Of\u00edcio a Lu\u00eds Ant\u00f3nio, homem de neg\u00f3cios, natural da vila de Eixo, onde residia, filho de Isidoro Fernandes e [&hellip;]<\/p>\n","protected":false},"author":1,"featured_media":0,"comment_status":"open","ping_status":"open","sticky":false,"template":"","format":"standard","meta":{"footnotes":""},"categories":[56],"tags":[],"class_list":["post-21020","post","type-post","status-publish","format-standard","hentry","category-almanaque"],"_links":{"self":[{"href":"https:\/\/sites.ecclesia.pt\/cv\/wp-json\/wp\/v2\/posts\/21020","targetHints":{"allow":["GET"]}}],"collection":[{"href":"https:\/\/sites.ecclesia.pt\/cv\/wp-json\/wp\/v2\/posts"}],"about":[{"href":"https:\/\/sites.ecclesia.pt\/cv\/wp-json\/wp\/v2\/types\/post"}],"author":[{"embeddable":true,"href":"https:\/\/sites.ecclesia.pt\/cv\/wp-json\/wp\/v2\/users\/1"}],"replies":[{"embeddable":true,"href":"https:\/\/sites.ecclesia.pt\/cv\/wp-json\/wp\/v2\/comments?post=21020"}],"version-history":[{"count":0,"href":"https:\/\/sites.ecclesia.pt\/cv\/wp-json\/wp\/v2\/posts\/21020\/revisions"}],"wp:attachment":[{"href":"https:\/\/sites.ecclesia.pt\/cv\/wp-json\/wp\/v2\/media?parent=21020"}],"wp:term":[{"taxonomy":"category","embeddable":true,"href":"https:\/\/sites.ecclesia.pt\/cv\/wp-json\/wp\/v2\/categories?post=21020"},{"taxonomy":"post_tag","embeddable":true,"href":"https:\/\/sites.ecclesia.pt\/cv\/wp-json\/wp\/v2\/tags?post=21020"}],"curies":[{"name":"wp","href":"https:\/\/api.w.org\/{rel}","templated":true}]}}