{"id":21058,"date":"2011-02-23T10:29:00","date_gmt":"2011-02-23T10:29:00","guid":{"rendered":"http:\/\/localhost:81\/wp1\/?p=21058"},"modified":"2011-02-23T10:29:00","modified_gmt":"2011-02-23T10:29:00","slug":"branca-appacdm-promove-espectaculo-solidario","status":"publish","type":"post","link":"https:\/\/sites.ecclesia.pt\/cv\/branca-appacdm-promove-espectaculo-solidario\/","title":{"rendered":"Branca: APPACDM promove espect\u00e1culo solid\u00e1rio"},"content":{"rendered":"<p>A direc\u00e7\u00e3o da APPACDM continua a organizar eventos com o objectivo de angariar fundos, quer para o novo lar, quer para garantir a continuidade das actuais respostas sociais, com a qualidade que pretendem. O pr\u00f3ximo espect\u00e1culo realiza-se dia 26 de Fevereiro, s\u00e1bado, no Centro Cultural da Branca, com um custo de apenas 3,50 euros. \u201cTrata-se de uma iniciativa in\u00e9dita desta institui\u00e7\u00e3o, que visa mostrar \u00e0 comunidade a implica\u00e7\u00e3o dos utentes\/clientes e colaboradores que diariamente se encontram nas suas instala\u00e7\u00f5es. Despidos de preconceitos e imbu\u00eddos de um esp\u00edrito grande de solidariedade e companheirismo, em \u00abUnidos pela Diferen\u00e7a\u00bb, procura-se vencer a desigualdade, promovendo a dignidade da diferen\u00e7a\u201d, afirma a organiza\u00e7\u00e3o, que apela \u00e0 participa\u00e7\u00e3o de toda a comunidade. <\/p>\n<p>A.S.<\/p>\n","protected":false},"excerpt":{"rendered":"<p>A direc\u00e7\u00e3o da APPACDM continua a organizar eventos com o objectivo de angariar fundos, quer para o novo lar, quer para garantir a continuidade das actuais respostas sociais, com a qualidade que pretendem. O pr\u00f3ximo espect\u00e1culo realiza-se dia 26 de Fevereiro, s\u00e1bado, no Centro Cultural da Branca, com um custo de apenas 3,50 euros. \u201cTrata-se [&hellip;]<\/p>\n","protected":false},"author":1,"featured_media":0,"comment_status":"open","ping_status":"open","sticky":false,"template":"","format":"standard","meta":{"footnotes":""},"categories":[67],"tags":[],"class_list":["post-21058","post","type-post","status-publish","format-standard","hentry","category-ver-ouvir-sair"],"_links":{"self":[{"href":"https:\/\/sites.ecclesia.pt\/cv\/wp-json\/wp\/v2\/posts\/21058","targetHints":{"allow":["GET"]}}],"collection":[{"href":"https:\/\/sites.ecclesia.pt\/cv\/wp-json\/wp\/v2\/posts"}],"about":[{"href":"https:\/\/sites.ecclesia.pt\/cv\/wp-json\/wp\/v2\/types\/post"}],"author":[{"embeddable":true,"href":"https:\/\/sites.ecclesia.pt\/cv\/wp-json\/wp\/v2\/users\/1"}],"replies":[{"embeddable":true,"href":"https:\/\/sites.ecclesia.pt\/cv\/wp-json\/wp\/v2\/comments?post=21058"}],"version-history":[{"count":0,"href":"https:\/\/sites.ecclesia.pt\/cv\/wp-json\/wp\/v2\/posts\/21058\/revisions"}],"wp:attachment":[{"href":"https:\/\/sites.ecclesia.pt\/cv\/wp-json\/wp\/v2\/media?parent=21058"}],"wp:term":[{"taxonomy":"category","embeddable":true,"href":"https:\/\/sites.ecclesia.pt\/cv\/wp-json\/wp\/v2\/categories?post=21058"},{"taxonomy":"post_tag","embeddable":true,"href":"https:\/\/sites.ecclesia.pt\/cv\/wp-json\/wp\/v2\/tags?post=21058"}],"curies":[{"name":"wp","href":"https:\/\/api.w.org\/{rel}","templated":true}]}}