{"id":21076,"date":"2012-10-03T17:09:00","date_gmt":"2012-10-03T17:09:00","guid":{"rendered":"http:\/\/localhost:81\/wp1\/?p=21076"},"modified":"2012-10-03T17:09:00","modified_gmt":"2012-10-03T17:09:00","slug":"sociedade-portuguesa-de-cardiologia-online","status":"publish","type":"post","link":"https:\/\/sites.ecclesia.pt\/cv\/sociedade-portuguesa-de-cardiologia-online\/","title":{"rendered":"Sociedade Portuguesa de Cardiologia online"},"content":{"rendered":"<p>http:\/\/www.spc.pt\/  <!--more--> No passado dia 29 de setembro celebrou-se, mais uma vez, o Dia Mundial do Cora\u00e7\u00e3o, que este ano teve como tema \u201cUm Mundo, Uma Casa, Um Cora\u00e7\u00e3o\u201d.<\/p>\n<p>\u201cAs doen\u00e7as cardiovasculares, incluindo as doen\u00e7as card\u00edacas e os acidentes vasculares cerebrais (AVC), levam \u00e0 morte prematura. Mais precisamente, causam 17,3 milh\u00f5es de mortes todos os anos e os n\u00fameros continuam a subir. Estima-se que at\u00e9 2030 venham a morrer cerca de 23 milh\u00f5es de pessoas por ano \u2013 este n\u00famero \u00e9 superior ao da popula\u00e7\u00e3o da Austr\u00e1lia!\u201d. Assim, como forma de chamarmos a aten\u00e7\u00e3o para este problema e de nos solidarizarmos com esta causa, sugerimos uma visita ao s\u00edtio da Sociedade Portuguesa de Cardiologia (SPC). A SPC \u00e9 uma associa\u00e7\u00e3o cient\u00edfica, fundada em 1949, que tem como principal objetivo a promo\u00e7\u00e3o do desenvolvimento da cardiologia ao servi\u00e7o da sa\u00fade da popula\u00e7\u00e3o portuguesa.<\/p>\n<p>Ao digitarmos o endere\u00e7o www.spc.pt, entramos num espa\u00e7o com bastantes informa\u00e7\u00f5es e que, logo na p\u00e1gina inicial, oferece um conjunto vasto de op\u00e7\u00f5es em destaque (congressos, campanhas, a\u00e7\u00f5es de promo\u00e7\u00e3o, encontros, etc.). No item \u201ca spc\u201d, acedemos a uma \u00e1rea eminentemente de informa\u00e7\u00e3o institucional. A\u00ed descobrimos, em \u201chist\u00f3ria\u201d, que a SPC resultou da vontade de um grupo de m\u00e9dicos cardiologistas, ligados a institui\u00e7\u00f5es universit\u00e1rias. <\/p>\n<p>Na op\u00e7\u00e3o \u201c\u00e1rea cient\u00edfica\u201d, que constitui um dos espa\u00e7os mais nobres deste portal, poder\u00e3o ser encontradas as ferramentas que permitem contribuir para que se atinja um dos objetivos primordiais, que passa pelo est\u00edmulo ao estudo e investiga\u00e7\u00e3o de problemas cient\u00edficos relacionados com as doen\u00e7as cardiovasculares. Assim, podemos consultar publica\u00e7\u00f5es, aceder aos pr\u00e9mios, bolsas e subs\u00eddios atribu\u00eddos pela SPC, observar os diapositivos apresentados em algumas das principais reuni\u00f5es, ler as recomenda\u00e7\u00f5es da Sociedade Europeia de Cardiologia para o diagn\u00f3stico e tratamento de v\u00e1rias patologias card\u00edacas, consultar as principais estat\u00edsticas na \u00e1rea da sa\u00fade, e ainda aceder a alguns interessantes recursos e \u00e0 imagem do m\u00eas.<\/p>\n<p>Por \u00faltimo, sugerimos a \u00e1rea \u201crevista Factores de Risco\u201d, onde dispomos da possibilidade de consultar a publica\u00e7\u00e3o trimestral que pretende \u201cdesenvolver uma atividade de divulga\u00e7\u00e3o e forma\u00e7\u00e3o na \u00e1rea de risco cardiovascular\u201d.<\/p>\n<p>Fica aqui ent\u00e3o a proposta de que acedam e divulguem este espa\u00e7o virtual que defende que \u201ctoda a crian\u00e7a nascida no novo mil\u00e9nio tem o direito de viver pelo menos at\u00e9 aos 65 anos sem sofrer de uma doen\u00e7a cardiovascular evit\u00e1vel\u201d. <\/p>\n<p>Fernando Cassola Marques<\/p>\n","protected":false},"excerpt":{"rendered":"<p>Sociedade Portuguesa de Cardiologia<\/p>\n","protected":false},"author":1,"featured_media":0,"comment_status":"open","ping_status":"open","sticky":false,"template":"","format":"standard","meta":{"footnotes":""},"categories":[54],"tags":[],"class_list":["post-21076","post","type-post","status-publish","format-standard","hentry","category-livros-e-multimedia"],"_links":{"self":[{"href":"https:\/\/sites.ecclesia.pt\/cv\/wp-json\/wp\/v2\/posts\/21076","targetHints":{"allow":["GET"]}}],"collection":[{"href":"https:\/\/sites.ecclesia.pt\/cv\/wp-json\/wp\/v2\/posts"}],"about":[{"href":"https:\/\/sites.ecclesia.pt\/cv\/wp-json\/wp\/v2\/types\/post"}],"author":[{"embeddable":true,"href":"https:\/\/sites.ecclesia.pt\/cv\/wp-json\/wp\/v2\/users\/1"}],"replies":[{"embeddable":true,"href":"https:\/\/sites.ecclesia.pt\/cv\/wp-json\/wp\/v2\/comments?post=21076"}],"version-history":[{"count":0,"href":"https:\/\/sites.ecclesia.pt\/cv\/wp-json\/wp\/v2\/posts\/21076\/revisions"}],"wp:attachment":[{"href":"https:\/\/sites.ecclesia.pt\/cv\/wp-json\/wp\/v2\/media?parent=21076"}],"wp:term":[{"taxonomy":"category","embeddable":true,"href":"https:\/\/sites.ecclesia.pt\/cv\/wp-json\/wp\/v2\/categories?post=21076"},{"taxonomy":"post_tag","embeddable":true,"href":"https:\/\/sites.ecclesia.pt\/cv\/wp-json\/wp\/v2\/tags?post=21076"}],"curies":[{"name":"wp","href":"https:\/\/api.w.org\/{rel}","templated":true}]}}