{"id":21090,"date":"2012-10-31T16:16:00","date_gmt":"2012-10-31T16:16:00","guid":{"rendered":"http:\/\/localhost:81\/wp1\/?p=21090"},"modified":"2012-10-31T16:16:00","modified_gmt":"2012-10-31T16:16:00","slug":"movimentos-catolicos-de-operarios-alertam-para-enorme-retrocesso-social","status":"publish","type":"post","link":"https:\/\/sites.ecclesia.pt\/cv\/movimentos-catolicos-de-operarios-alertam-para-enorme-retrocesso-social\/","title":{"rendered":"Movimentos cat\u00f3licos de oper\u00e1rios alertam para &#8220;enorme&#8221; retrocesso social"},"content":{"rendered":"<p>Comunicado conjunto deixa cr\u00edticas \u00e0 proposta de Or\u00e7amento de Estado para 2013 apresentada pelo governo.<\/p>\n<p>A Liga e a Juventude oper\u00e1rias cat\u00f3licas criticaram, em nota oficial conjunta, o que denominam como \u201cenorme retrocesso social\u201d promovido Governo na proposta de Or\u00e7amento de Estado (OE) para 2013. \u201cConstatamos que existe neste OE um enorme retrocesso social que afeta de maneira especial as pessoas mais desprotegidas, com menor capacidade de defesa, levando a um aumento da pobreza, da precariedade, da viol\u00eancia e de outros problemas sociais\u201d, refere o documento. <\/p>\n<p>A Liga Oper\u00e1ria Cat\u00f3lica\/Movimento de Trabalhadores Crist\u00e3os (LOC\/MTC) e a Juventude Oper\u00e1ria Cat\u00f3lica (JOC) falam em \u201cinjusti\u00e7as\u201d no OE 2013, apresentado como exemplo \u201ca diminui\u00e7\u00e3o dos escal\u00f5es do IRS, que p\u00f5em no mesmo patamar rendimentos muito d\u00edspares\u201d.<\/p>\n<p>Os signat\u00e1rios dizem mesmo estar em marcha uma tentativa de \u201cdesacreditar a Democracia, o Estado e a Europa sociais, promovendo a desconfian\u00e7a e o individualismo e incentivando a especula\u00e7\u00e3o financeira, que \u00e9 sempre favor\u00e1vel a uma elite que det\u00e9m um certo poder\u201d.<\/p>\n<p>A posi\u00e7\u00e3o conjunta critica ainda a diminui\u00e7\u00e3o de v\u00e1rias presta\u00e7\u00f5es sociais e diz ser \u201cevidente a clara desvaloriza\u00e7\u00e3o do trabalho humano e do desprezo pelos direitos laborais\u201d.<\/p>\n<p>\u201cEstas op\u00e7\u00f5es atacam violentamente os rendimentos do trabalho e os cidad\u00e3os mais pobres; mostram incapacidade para combater a corrup\u00e7\u00e3o, a fraude fiscal e a promiscuidade entre interesses privados e servi\u00e7os p\u00fablicos; revelam irresponsabilidade no financiamento tendencioso da banca e na impunidade da economia especulativa\u201d, pode ler-se.<\/p>\n<p>A LOC\/MTC e a JOC entendem, por outro lado, que o governo se mostra incapaz de reduzir despesas \u201cvistas como imorais pela maioria dos cidad\u00e3os\u201d e condenam os cortes previstos para minist\u00e9rios \u201cconsiderados basilares da coes\u00e3o social\u201d.<\/p>\n<p>\u201cConsideramos que pagar impostos \u00e9 um dever de todos, mas \u00e9 imperioso que aqueles sejam cobrados com justi\u00e7a e utilizados de forma honesta, justa e transparente\u201d, referem os movimentos cat\u00f3licos.<\/p>\n<p>Num olhar sobre o futuro, a JOC e a LOC\/MTC apelam a uma democracia mais participativa e ao investimento na economia social, solid\u00e1ria e cooperativa, entre outras propostas, que passam pela cria\u00e7\u00e3o de um regime de exclusividade para \u201ctodos aqueles que s\u00e3o eleitos pelo povo\u201d.<\/p>\n<p>\u201cA todos n\u00f3s, jovens, adultos, idosos e crian\u00e7as cabe-nos, pois, estar atentos \u00e0 realidade, repensar os valores com os quais queremos construir a sociedade e agir coerentemente\u201d, conclui a nota assinada pelas equipas executivas da JOC e da LOC\/MTC.<\/p>\n","protected":false},"excerpt":{"rendered":"<p>Comunicado conjunto deixa cr\u00edticas \u00e0 proposta de Or\u00e7amento de Estado para 2013 apresentada pelo governo. A Liga e a Juventude oper\u00e1rias cat\u00f3licas criticaram, em nota oficial conjunta, o que denominam como \u201cenorme retrocesso social\u201d promovido Governo na proposta de Or\u00e7amento de Estado (OE) para 2013. \u201cConstatamos que existe neste OE um enorme retrocesso social que [&hellip;]<\/p>\n","protected":false},"author":1,"featured_media":0,"comment_status":"open","ping_status":"open","sticky":false,"template":"","format":"standard","meta":{"footnotes":""},"categories":[53],"tags":[],"class_list":["post-21090","post","type-post","status-publish","format-standard","hentry","category-igreja-em-portugal"],"_links":{"self":[{"href":"https:\/\/sites.ecclesia.pt\/cv\/wp-json\/wp\/v2\/posts\/21090","targetHints":{"allow":["GET"]}}],"collection":[{"href":"https:\/\/sites.ecclesia.pt\/cv\/wp-json\/wp\/v2\/posts"}],"about":[{"href":"https:\/\/sites.ecclesia.pt\/cv\/wp-json\/wp\/v2\/types\/post"}],"author":[{"embeddable":true,"href":"https:\/\/sites.ecclesia.pt\/cv\/wp-json\/wp\/v2\/users\/1"}],"replies":[{"embeddable":true,"href":"https:\/\/sites.ecclesia.pt\/cv\/wp-json\/wp\/v2\/comments?post=21090"}],"version-history":[{"count":0,"href":"https:\/\/sites.ecclesia.pt\/cv\/wp-json\/wp\/v2\/posts\/21090\/revisions"}],"wp:attachment":[{"href":"https:\/\/sites.ecclesia.pt\/cv\/wp-json\/wp\/v2\/media?parent=21090"}],"wp:term":[{"taxonomy":"category","embeddable":true,"href":"https:\/\/sites.ecclesia.pt\/cv\/wp-json\/wp\/v2\/categories?post=21090"},{"taxonomy":"post_tag","embeddable":true,"href":"https:\/\/sites.ecclesia.pt\/cv\/wp-json\/wp\/v2\/tags?post=21090"}],"curies":[{"name":"wp","href":"https:\/\/api.w.org\/{rel}","templated":true}]}}