{"id":21091,"date":"2012-10-31T16:17:00","date_gmt":"2012-10-31T16:17:00","guid":{"rendered":"http:\/\/localhost:81\/wp1\/?p=21091"},"modified":"2012-10-31T16:17:00","modified_gmt":"2012-10-31T16:17:00","slug":"rostos-palavras-65","status":"publish","type":"post","link":"https:\/\/sites.ecclesia.pt\/cv\/rostos-palavras-65\/","title":{"rendered":"Rostos &#038; Palavras"},"content":{"rendered":"<p>\u201cEsta \u00e9 uma ofensa coletiva \u00e0 grand\u00edssima maioria do povo portugu\u00eas\u201d.<\/p>\n<p>P.e Manuel Moruj\u00e3o, referindo-se a uma fotomontagem de D. Jos\u00e9 Policarpo que foi publicada no dia 19 de outubro por um grupo de piratas inform\u00e1ticos autointitulados \u2018Sidekingdom 12-Portugal\u2019 no s\u00edtio do Patriarcado de Lisboa. O porta-voz da Confer\u00eancia Episcopal Portuguesa considerou que as palavras do cardeal-patriarca (\u201cn\u00e3o se resolve nada contestando, indo para grandes manifesta\u00e7\u00f5es\u201d) foram \u201cmal interpretadas\u201d, lembrando que D. Jos\u00e9 Policarpo \u201ctem defendido as causas do povo\u201d.<\/p>\n","protected":false},"excerpt":{"rendered":"<p>\u201cEsta \u00e9 uma ofensa coletiva \u00e0 grand\u00edssima maioria do povo portugu\u00eas\u201d. P.e Manuel Moruj\u00e3o, referindo-se a uma fotomontagem de D. Jos\u00e9 Policarpo que foi publicada no dia 19 de outubro por um grupo de piratas inform\u00e1ticos autointitulados \u2018Sidekingdom 12-Portugal\u2019 no s\u00edtio do Patriarcado de Lisboa. O porta-voz da Confer\u00eancia Episcopal Portuguesa considerou que as palavras [&hellip;]<\/p>\n","protected":false},"author":1,"featured_media":0,"comment_status":"open","ping_status":"open","sticky":false,"template":"","format":"standard","meta":{"footnotes":""},"categories":[53],"tags":[],"class_list":["post-21091","post","type-post","status-publish","format-standard","hentry","category-igreja-em-portugal"],"_links":{"self":[{"href":"https:\/\/sites.ecclesia.pt\/cv\/wp-json\/wp\/v2\/posts\/21091","targetHints":{"allow":["GET"]}}],"collection":[{"href":"https:\/\/sites.ecclesia.pt\/cv\/wp-json\/wp\/v2\/posts"}],"about":[{"href":"https:\/\/sites.ecclesia.pt\/cv\/wp-json\/wp\/v2\/types\/post"}],"author":[{"embeddable":true,"href":"https:\/\/sites.ecclesia.pt\/cv\/wp-json\/wp\/v2\/users\/1"}],"replies":[{"embeddable":true,"href":"https:\/\/sites.ecclesia.pt\/cv\/wp-json\/wp\/v2\/comments?post=21091"}],"version-history":[{"count":0,"href":"https:\/\/sites.ecclesia.pt\/cv\/wp-json\/wp\/v2\/posts\/21091\/revisions"}],"wp:attachment":[{"href":"https:\/\/sites.ecclesia.pt\/cv\/wp-json\/wp\/v2\/media?parent=21091"}],"wp:term":[{"taxonomy":"category","embeddable":true,"href":"https:\/\/sites.ecclesia.pt\/cv\/wp-json\/wp\/v2\/categories?post=21091"},{"taxonomy":"post_tag","embeddable":true,"href":"https:\/\/sites.ecclesia.pt\/cv\/wp-json\/wp\/v2\/tags?post=21091"}],"curies":[{"name":"wp","href":"https:\/\/api.w.org\/{rel}","templated":true}]}}