{"id":21126,"date":"2012-10-31T16:51:00","date_gmt":"2012-10-31T16:51:00","guid":{"rendered":"http:\/\/localhost:81\/wp1\/?p=21126"},"modified":"2012-10-31T16:51:00","modified_gmt":"2012-10-31T16:51:00","slug":"contas-certas-e-claras-no-setor-nao-lucrativo","status":"publish","type":"post","link":"https:\/\/sites.ecclesia.pt\/cv\/contas-certas-e-claras-no-setor-nao-lucrativo\/","title":{"rendered":"Contas certas e claras no setor n\u00e3o lucrativo"},"content":{"rendered":"<p>Novo Regime da Normaliza\u00e7\u00e3o Contabil\u00edstica para as Entidades do Setor N\u00e3o Lucrativo<\/p>\n<p>Avelino Azevedo Ant\u00e3o<\/p>\n<p>Armando Tavares<\/p>\n<p>Jo\u00e3o Paulo Marques<\/p>\n<p>Sandra Alves <\/p>\n<p>\u00c1reas Editora<\/p>\n<p>Associa\u00e7\u00f5es, pessoas coletivas p\u00fablicas de tipo associativo, funda\u00e7\u00f5es, clubes, federa\u00e7\u00f5es e confedera\u00e7\u00f5es, institui\u00e7\u00f5es particulares de solidariedade e outras entidades do setor n\u00e3o lucrativo t\u00eam um novo regime contabil\u00edstico desde 1 de janeiro de 2012.<\/p>\n<p>Este manual escrito por autores ligados a Aveiro (estudaram ou s\u00e3o professores no ISCA-UA e na UA e desenvolvem atividade profissional na regi\u00e3o) apresenta-se como aux\u00edlio fundamental para quem est\u00e1 \u00e0 frente de uma entidade do setor n\u00e3o lucrativo e tem que lidar com a gest\u00e3o de recursos e assuntos como IRC, IRS, IVA, IMI, IS, ISV, IUC, Estatuto do Mecenato.<\/p>\n<p>A obra estabelece liga\u00e7\u00f5es entre o estudo acad\u00e9mico e a gest\u00e3o do dia a dia destes organismos, apresentando v\u00e1rios casos pr\u00e1ticos para melhor compreens\u00e3o do assunto. Analisam-se os novos modelos de demonstra\u00e7\u00f5es financeiras e mapas espec\u00edficos e exemplifica-se o preenchimento dessas pe\u00e7as contabil\u00edsticas.<\/p>\n<p>As entidades do setor n\u00e3o lucrativo t\u00eam um peso cada vez maior no tecido econ\u00f3mico, chegando a ser os maiores empregadores em algumas freguesias. E s\u00e3o cruciais para coes\u00e3o social. Este manual, interessando aos estudantes de contabilidade, mas ainda mais aos gestores, diretores e contabilistas destas entidades, contribui para saud\u00e1vel transpar\u00eancia exigida pela lei e para a melhor gest\u00e3o dos recursos sempre escassos que \u00e0s institui\u00e7\u00f5es s\u00e3o confiados.<\/p>\n","protected":false},"excerpt":{"rendered":"<p>Novo Regime da Normaliza\u00e7\u00e3o Contabil\u00edstica para as Entidades do Setor N\u00e3o Lucrativo Avelino Azevedo Ant\u00e3o Armando Tavares Jo\u00e3o Paulo Marques Sandra Alves \u00c1reas Editora Associa\u00e7\u00f5es, pessoas coletivas p\u00fablicas de tipo associativo, funda\u00e7\u00f5es, clubes, federa\u00e7\u00f5es e confedera\u00e7\u00f5es, institui\u00e7\u00f5es particulares de solidariedade e outras entidades do setor n\u00e3o lucrativo t\u00eam um novo regime contabil\u00edstico desde 1 de [&hellip;]<\/p>\n","protected":false},"author":1,"featured_media":0,"comment_status":"open","ping_status":"open","sticky":false,"template":"","format":"standard","meta":{"footnotes":""},"categories":[54],"tags":[],"class_list":["post-21126","post","type-post","status-publish","format-standard","hentry","category-livros-e-multimedia"],"_links":{"self":[{"href":"https:\/\/sites.ecclesia.pt\/cv\/wp-json\/wp\/v2\/posts\/21126","targetHints":{"allow":["GET"]}}],"collection":[{"href":"https:\/\/sites.ecclesia.pt\/cv\/wp-json\/wp\/v2\/posts"}],"about":[{"href":"https:\/\/sites.ecclesia.pt\/cv\/wp-json\/wp\/v2\/types\/post"}],"author":[{"embeddable":true,"href":"https:\/\/sites.ecclesia.pt\/cv\/wp-json\/wp\/v2\/users\/1"}],"replies":[{"embeddable":true,"href":"https:\/\/sites.ecclesia.pt\/cv\/wp-json\/wp\/v2\/comments?post=21126"}],"version-history":[{"count":0,"href":"https:\/\/sites.ecclesia.pt\/cv\/wp-json\/wp\/v2\/posts\/21126\/revisions"}],"wp:attachment":[{"href":"https:\/\/sites.ecclesia.pt\/cv\/wp-json\/wp\/v2\/media?parent=21126"}],"wp:term":[{"taxonomy":"category","embeddable":true,"href":"https:\/\/sites.ecclesia.pt\/cv\/wp-json\/wp\/v2\/categories?post=21126"},{"taxonomy":"post_tag","embeddable":true,"href":"https:\/\/sites.ecclesia.pt\/cv\/wp-json\/wp\/v2\/tags?post=21126"}],"curies":[{"name":"wp","href":"https:\/\/api.w.org\/{rel}","templated":true}]}}