{"id":21128,"date":"2012-10-31T16:52:00","date_gmt":"2012-10-31T16:52:00","guid":{"rendered":"http:\/\/localhost:81\/wp1\/?p=21128"},"modified":"2012-10-31T16:52:00","modified_gmt":"2012-10-31T16:52:00","slug":"associacao-de-apoio-a-pessoa-em-luto","status":"publish","type":"post","link":"https:\/\/sites.ecclesia.pt\/cv\/associacao-de-apoio-a-pessoa-em-luto\/","title":{"rendered":"Associa\u00e7\u00e3o de apoio \u00e0 pessoa em luto"},"content":{"rendered":"<p>http:\/\/www.apelo.web.pt\/ <!--more--> Esta semana celebramos mais uma solenidade de todos os fi\u00e9is defuntos. Por ser uma altura em que, naturalmente pensamos mais naqueles que nos eram queridos e partiram para a casa do Pai, apresentamos como sugest\u00e3o de navega\u00e7\u00e3o o s\u00edtio da APELO \u2013 Associa\u00e7\u00e3o de Apoio \u00e0 Pessoa em Luto. Neste espa\u00e7o fala-se com \u201cnaturalidade sobre perdas emocionais profundas, como as provocadas pela morte de um ente querido\u201d.<\/p>\n<p>Ao digitarmos o endere\u00e7o www.apelo.web.pt, encontramos um espa\u00e7o simples e bastante claro, sendo certo, por\u00e9m, que a qualidade gr\u00e1fica e o uso das mais recentes tecnologias de desenvolvimento de p\u00e1ginas da internet n\u00e3o est\u00e3o a ser aplicados.<\/p>\n<p>Na op\u00e7\u00e3o \u201cquem somos\u201d, descobrimos que a APELO \u00e9 uma \u201cinstitui\u00e7\u00e3o baseada na colabora\u00e7\u00e3o solid\u00e1ria e volunt\u00e1ria de pessoas em luto, t\u00e9cnicos e profissionais de diferentes \u00e1reas e outras pessoas que desejam promover o aux\u00edlio ao luto\u201d. Percebemos ainda que as \u00e1reas de interven\u00e7\u00e3o-chave desta organiza\u00e7\u00e3o s\u00e3o: o apoio direto \u00e0s pessoas e fam\u00edlias em luto; a forma\u00e7\u00e3o, ensino e pesquisa sobre o luto; a divulga\u00e7\u00e3o do tema \u201cos afetos: constru\u00e7\u00e3o, manuten\u00e7\u00e3o e perda\u201d; a coopera\u00e7\u00e3o interinstitucional. No item \u201ccapelo\u201d, encontramos os centros da APELO j\u00e1 implantados em algumas zonas do pa\u00eds. Caso pretenda associar-se, basta aceder ao item \u201cassociados\u201d. A\u00ed pode perceber quais s\u00e3o as categorias de s\u00f3cios, os benef\u00edcios, como se inscrever e ainda quais as diferentes modalidades de quotiza\u00e7\u00e3o.<\/p>\n<p>Se pretender obter respostas \u00e0s d\u00favidas mais frequentes sobre o luto, perceber quais as fases de desenvolvimento do luto e ainda ler algumas reflex\u00f5es sobre o luto, clique em \u201co luto\u201d. Em \u201ccontatos\u201d, entramos num espa\u00e7o essencial, dado que \u00e9 atrav\u00e9s dos endere\u00e7os postais e dos n\u00fameros de telefone dispon\u00edveis que podemos entrar em contacto com esta fabulosa equipa que presta apoio nesta \u00e1rea t\u00e3o sens\u00edvel e esquecida por todos.<\/p>\n<p>Pois bem, aqui fica a sugest\u00e3o para que memorizem este endere\u00e7o e o divulguem pelos vossos contactos, pois esta \u00e9 uma maneira de nos mantermos atualizados com as iniciativas desenvolvidas por esta enorme associa\u00e7\u00e3o.<\/p>\n<p>Fernando Cassola Marques<\/p>\n","protected":false},"excerpt":{"rendered":"<p>http:\/\/www.apelo.web.pt\/<\/p>\n","protected":false},"author":1,"featured_media":0,"comment_status":"open","ping_status":"open","sticky":false,"template":"","format":"standard","meta":{"footnotes":""},"categories":[54],"tags":[],"class_list":["post-21128","post","type-post","status-publish","format-standard","hentry","category-livros-e-multimedia"],"_links":{"self":[{"href":"https:\/\/sites.ecclesia.pt\/cv\/wp-json\/wp\/v2\/posts\/21128","targetHints":{"allow":["GET"]}}],"collection":[{"href":"https:\/\/sites.ecclesia.pt\/cv\/wp-json\/wp\/v2\/posts"}],"about":[{"href":"https:\/\/sites.ecclesia.pt\/cv\/wp-json\/wp\/v2\/types\/post"}],"author":[{"embeddable":true,"href":"https:\/\/sites.ecclesia.pt\/cv\/wp-json\/wp\/v2\/users\/1"}],"replies":[{"embeddable":true,"href":"https:\/\/sites.ecclesia.pt\/cv\/wp-json\/wp\/v2\/comments?post=21128"}],"version-history":[{"count":0,"href":"https:\/\/sites.ecclesia.pt\/cv\/wp-json\/wp\/v2\/posts\/21128\/revisions"}],"wp:attachment":[{"href":"https:\/\/sites.ecclesia.pt\/cv\/wp-json\/wp\/v2\/media?parent=21128"}],"wp:term":[{"taxonomy":"category","embeddable":true,"href":"https:\/\/sites.ecclesia.pt\/cv\/wp-json\/wp\/v2\/categories?post=21128"},{"taxonomy":"post_tag","embeddable":true,"href":"https:\/\/sites.ecclesia.pt\/cv\/wp-json\/wp\/v2\/tags?post=21128"}],"curies":[{"name":"wp","href":"https:\/\/api.w.org\/{rel}","templated":true}]}}