{"id":21143,"date":"2012-11-14T15:40:00","date_gmt":"2012-11-14T15:40:00","guid":{"rendered":"http:\/\/localhost:81\/wp1\/?p=21143"},"modified":"2012-11-14T15:40:00","modified_gmt":"2012-11-14T15:40:00","slug":"igreja-catolica-pode-ser-pioneira-no-trabalho-com-mais-pobres-diz-economista-joao-cesar-das-neves","status":"publish","type":"post","link":"https:\/\/sites.ecclesia.pt\/cv\/igreja-catolica-pode-ser-pioneira-no-trabalho-com-mais-pobres-diz-economista-joao-cesar-das-neves\/","title":{"rendered":"Igreja Cat\u00f3lica pode ser &#8220;pioneira&#8221; no trabalho com mais pobres, diz economista Jo\u00e3o C\u00e9sar das Neves"},"content":{"rendered":"<p>A Igreja pode ser \u201cpioneira \u201c no trabalho com os mais pobres, afirmou no s\u00e1bado, em Albergaria-a-Velha, o economista Jo\u00e3o C\u00e9sar das Neves durante o Semin\u00e1rio Nacional da A\u00e7\u00e3o Cat\u00f3lica Rural (ACR).<\/p>\n<p>O professor universit\u00e1rio frisou que a \u201ccrise \u00e9 momento do regresso ao essencial\u201d, refere um comunicado da ACR. O encontro, intitulado \u2018Da F\u00e9 professada, celebrada e rezada \u00e0 F\u00e9 vivida\u2019, decorreu no s\u00e1bado e domingo com a presen\u00e7a de 85 militantes e simpatizantes das dioceses onde o movimento est\u00e1 implantado.<\/p>\n<p>Na confer\u00eancia de abertura, sobre a \u2018Participa\u00e7\u00e3o dos leigos na miss\u00e3o da Igreja\u2019, o te\u00f3logo Jos\u00e9 Carlos Carvalho acentuou a \u201cnecessidade do di\u00e1logo com a cultura, o contacto com o mundo\u201d. O encontro terminou no domingo com uma palestra dedicada \u00e0 ACR na miss\u00e3o da Igreja, proferida por Lu\u00eds Manuel Silva, professor do Instituto Superior de Ci\u00eancias Religiosas de Aveiro, que apontou desafios e compromissos a serem assumidos pelo movimento.<\/p>\n<p>A ACR \u00e9 herdeira da Juventude Agr\u00e1ria Cat\u00f3lica e Liga Agr\u00e1ria Cat\u00f3lica (masculina e feminina), criadas na d\u00e9cada de 40 do s\u00e9culo XX.<\/p>\n","protected":false},"excerpt":{"rendered":"<p>A Igreja pode ser \u201cpioneira \u201c no trabalho com os mais pobres, afirmou no s\u00e1bado, em Albergaria-a-Velha, o economista Jo\u00e3o C\u00e9sar das Neves durante o Semin\u00e1rio Nacional da A\u00e7\u00e3o Cat\u00f3lica Rural (ACR). O professor universit\u00e1rio frisou que a \u201ccrise \u00e9 momento do regresso ao essencial\u201d, refere um comunicado da ACR. O encontro, intitulado \u2018Da F\u00e9 [&hellip;]<\/p>\n","protected":false},"author":1,"featured_media":0,"comment_status":"open","ping_status":"open","sticky":false,"template":"","format":"standard","meta":{"footnotes":""},"categories":[53],"tags":[],"class_list":["post-21143","post","type-post","status-publish","format-standard","hentry","category-igreja-em-portugal"],"_links":{"self":[{"href":"https:\/\/sites.ecclesia.pt\/cv\/wp-json\/wp\/v2\/posts\/21143","targetHints":{"allow":["GET"]}}],"collection":[{"href":"https:\/\/sites.ecclesia.pt\/cv\/wp-json\/wp\/v2\/posts"}],"about":[{"href":"https:\/\/sites.ecclesia.pt\/cv\/wp-json\/wp\/v2\/types\/post"}],"author":[{"embeddable":true,"href":"https:\/\/sites.ecclesia.pt\/cv\/wp-json\/wp\/v2\/users\/1"}],"replies":[{"embeddable":true,"href":"https:\/\/sites.ecclesia.pt\/cv\/wp-json\/wp\/v2\/comments?post=21143"}],"version-history":[{"count":0,"href":"https:\/\/sites.ecclesia.pt\/cv\/wp-json\/wp\/v2\/posts\/21143\/revisions"}],"wp:attachment":[{"href":"https:\/\/sites.ecclesia.pt\/cv\/wp-json\/wp\/v2\/media?parent=21143"}],"wp:term":[{"taxonomy":"category","embeddable":true,"href":"https:\/\/sites.ecclesia.pt\/cv\/wp-json\/wp\/v2\/categories?post=21143"},{"taxonomy":"post_tag","embeddable":true,"href":"https:\/\/sites.ecclesia.pt\/cv\/wp-json\/wp\/v2\/tags?post=21143"}],"curies":[{"name":"wp","href":"https:\/\/api.w.org\/{rel}","templated":true}]}}