{"id":21152,"date":"2012-11-07T16:17:00","date_gmt":"2012-11-07T16:17:00","guid":{"rendered":"http:\/\/localhost:81\/wp1\/?p=21152"},"modified":"2012-11-07T16:17:00","modified_gmt":"2012-11-07T16:17:00","slug":"igreja-e-governo-consideram-diaspora-fundamental-para-a-revitalizacao-financeira-do-pais","status":"publish","type":"post","link":"https:\/\/sites.ecclesia.pt\/cv\/igreja-e-governo-consideram-diaspora-fundamental-para-a-revitalizacao-financeira-do-pais\/","title":{"rendered":"Igreja e Governo consideram &#8220;di\u00e1spora&#8221; fundamental para a revitaliza\u00e7\u00e3o financeira do pa\u00eds"},"content":{"rendered":"<p>Respons\u00e1veis estudam cria\u00e7\u00e3o de uma \u201cplataforma de promotores socioculturais das comunidades portuguesas\u201d.<\/p>\n<p>A Igreja Cat\u00f3lica e o Governo portugu\u00eas querem potenciar ao m\u00e1ximo a integra\u00e7\u00e3o dos emigrantes nacionais no estrangeiro, considerados como fundamentais para a revitaliza\u00e7\u00e3o financeira do pa\u00eds. Esta decis\u00e3o foi anunciada no final de um encontro de agentes socioculturais que trabalham nas comunidades portuguesas, dentro e fora da Europa, e que decorreu entre sexta-feira e domingo, em F\u00e1tima.<\/p>\n<p>A Secretaria de Estado das Comunidades Portuguesas, a Obra Cat\u00f3lica Portuguesa de Migra\u00e7\u00f5es (OCPM) e a C\u00e1ritas, organizadoras do evento, consideram que \u201ca di\u00e1spora deveria ser mais utilizada na promo\u00e7\u00e3o de Portugal do ponto de vista econ\u00f3mico\u201d, uma vez que pode \u201cabrir portas a um investimento em novos mercados\u201d. No entanto, acrescentam, para que isso aconte\u00e7a \u00e9 preciso assegurar primeiro a adequada \u201cintegra\u00e7\u00e3o\u201d dos emigrantes lusos, sobretudo atrav\u00e9s da colabora\u00e7\u00e3o com as comunidades portuguesas que j\u00e1 est\u00e3o radicadas h\u00e1 mais tempo nos pa\u00edses de destino.<\/p>\n<p>O \u201ctrabalho local desenvolvido pelas associa\u00e7\u00f5es culturais deve ser privilegiado\u201d, pela capacidade que t\u00eam de \u201cresponder \u00e0s necessidades dos emigrantes portugueses\u201d, sublinha o documento conclusivo do evento.<\/p>\n<p>Os promotores do encontro recordam que desde \u201co final do ano passado\u201d sa\u00edram de Portugal \u201ccerca de 150 mil portugueses\u201d, muitos deles com \u201cfalta de conhecimentos\u201d e de \u201cprepara\u00e7\u00e3o\u201d para enfrentarem os obst\u00e1culos que encontraram nos pa\u00edses de destino, quer em termos da busca de \u201coportunidades de trabalho\u201d quer na \u201cadapta\u00e7\u00e3o\u201d a uma nova l\u00edngua e a diferentes \u201cculturas e h\u00e1bitos sociais\u201d.<\/p>\n<p>Neste contexto, o \u201cmovimento associativo\u201d pode funcionar como primeira \u201crede de integra\u00e7\u00e3o\u201d, desde que lhe seja dado \u201cum novo enquadramento que melhore o seu funcionamento\u201d e permita \u201cultrapassar dificuldades n\u00e3o apenas financeiras mas tamb\u00e9m legais e de articula\u00e7\u00e3o com as estruturas e governos locais\u201d. Para favorecer esse desenvolvimento, as organiza\u00e7\u00f5es da Igreja e do Estado que lidam mais de perto com a quest\u00e3o da emigra\u00e7\u00e3o prop\u00f5em a constru\u00e7\u00e3o de uma \u201cplataforma de promotores socioculturais das comunidades portuguesas\u201d.<\/p>\n<p>Uma entidade que teria como miss\u00e3o \u201cabrir portas para novas formas de coopera\u00e7\u00e3o\u201d dentro desta \u00e1rea e que, numa primeira fase, seria coordenada por respons\u00e1veis portugueses radicados na \u201cArgentina, Brasil, Estados Unidos da Am\u00e9rica, Holanda, Su\u00ed\u00e7a e Venezuela\u201d, em conjunto com a Associa\u00e7\u00e3o Mulher Migrante e a OCPM.<\/p>\n<p>Sugerem ainda o lan\u00e7amento de uma \u201crede de partilha de informa\u00e7\u00e3o e de experi\u00eancias entre as comunidades emigrantes\u201d atrav\u00e9s da Internet e das redes sociais, a partir \u201cda cria\u00e7\u00e3o de um blogue e da dinamiza\u00e7\u00e3o de um grupo fechado no facebook\u201d.<\/p>\n<p>A mensagem final do encontro de F\u00e1tima, que contou ainda com a participa\u00e7\u00e3o de representantes portugueses da \u201c\u00c1frica do Sul, Alemanha, Andorra, B\u00e9lgica, Canad\u00e1, Fran\u00e7a, Inglaterra, Luxemburgo e Macau\u201d, chama tamb\u00e9m a aten\u00e7\u00e3o para \u201co isolamento e a solid\u00e3o\u201d a que est\u00e3o sujeitos os emigrantes mais velhos.<\/p>\n<p>Ag. Ecclesia<\/p>\n","protected":false},"excerpt":{"rendered":"<p>Respons\u00e1veis estudam cria\u00e7\u00e3o de uma \u201cplataforma de promotores socioculturais das comunidades portuguesas\u201d. A Igreja Cat\u00f3lica e o Governo portugu\u00eas querem potenciar ao m\u00e1ximo a integra\u00e7\u00e3o dos emigrantes nacionais no estrangeiro, considerados como fundamentais para a revitaliza\u00e7\u00e3o financeira do pa\u00eds. Esta decis\u00e3o foi anunciada no final de um encontro de agentes socioculturais que trabalham nas comunidades [&hellip;]<\/p>\n","protected":false},"author":1,"featured_media":0,"comment_status":"open","ping_status":"open","sticky":false,"template":"","format":"standard","meta":{"footnotes":""},"categories":[53],"tags":[],"class_list":["post-21152","post","type-post","status-publish","format-standard","hentry","category-igreja-em-portugal"],"_links":{"self":[{"href":"https:\/\/sites.ecclesia.pt\/cv\/wp-json\/wp\/v2\/posts\/21152","targetHints":{"allow":["GET"]}}],"collection":[{"href":"https:\/\/sites.ecclesia.pt\/cv\/wp-json\/wp\/v2\/posts"}],"about":[{"href":"https:\/\/sites.ecclesia.pt\/cv\/wp-json\/wp\/v2\/types\/post"}],"author":[{"embeddable":true,"href":"https:\/\/sites.ecclesia.pt\/cv\/wp-json\/wp\/v2\/users\/1"}],"replies":[{"embeddable":true,"href":"https:\/\/sites.ecclesia.pt\/cv\/wp-json\/wp\/v2\/comments?post=21152"}],"version-history":[{"count":0,"href":"https:\/\/sites.ecclesia.pt\/cv\/wp-json\/wp\/v2\/posts\/21152\/revisions"}],"wp:attachment":[{"href":"https:\/\/sites.ecclesia.pt\/cv\/wp-json\/wp\/v2\/media?parent=21152"}],"wp:term":[{"taxonomy":"category","embeddable":true,"href":"https:\/\/sites.ecclesia.pt\/cv\/wp-json\/wp\/v2\/categories?post=21152"},{"taxonomy":"post_tag","embeddable":true,"href":"https:\/\/sites.ecclesia.pt\/cv\/wp-json\/wp\/v2\/tags?post=21152"}],"curies":[{"name":"wp","href":"https:\/\/api.w.org\/{rel}","templated":true}]}}