{"id":21167,"date":"2012-11-07T16:19:00","date_gmt":"2012-11-07T16:19:00","guid":{"rendered":"http:\/\/localhost:81\/wp1\/?p=21167"},"modified":"2012-11-07T16:19:00","modified_gmt":"2012-11-07T16:19:00","slug":"rostios-palavras","status":"publish","type":"post","link":"https:\/\/sites.ecclesia.pt\/cv\/rostios-palavras\/","title":{"rendered":"Rostios &#038; Palavras"},"content":{"rendered":"<p>\u201cSe nada se fizer\u201d corre-se o risco dos \u201cego\u00edsmos nacionais e regionais, a corrup\u00e7\u00e3o mundial, a clandestinidade dos mercados\u201d prevalecerem.<\/p>\n<p>Guilherme d\u2019Oliveira Martins, numa confer\u00eancia promovida pela Comiss\u00e3o Nacional Justi\u00e7a e Paz, em Lisboa. O presidente do Tribunal de Contas considera que a Doutrina Social da Igreja (DSI) ganhou \u201cuma atualidade mais premente\u201d e que n\u00e3o cumprir \u201cos deveres fundamentais da solidariedade, no que toca \u00e0 reparti\u00e7\u00e3o de recursos, conduz a uma situa\u00e7\u00e3o dram\u00e1tica\u201d.<\/p>\n","protected":false},"excerpt":{"rendered":"<p>\u201cSe nada se fizer\u201d corre-se o risco dos \u201cego\u00edsmos nacionais e regionais, a corrup\u00e7\u00e3o mundial, a clandestinidade dos mercados\u201d prevalecerem. Guilherme d\u2019Oliveira Martins, numa confer\u00eancia promovida pela Comiss\u00e3o Nacional Justi\u00e7a e Paz, em Lisboa. O presidente do Tribunal de Contas considera que a Doutrina Social da Igreja (DSI) ganhou \u201cuma atualidade mais premente\u201d e que [&hellip;]<\/p>\n","protected":false},"author":1,"featured_media":0,"comment_status":"open","ping_status":"open","sticky":false,"template":"","format":"standard","meta":{"footnotes":""},"categories":[53],"tags":[],"class_list":["post-21167","post","type-post","status-publish","format-standard","hentry","category-igreja-em-portugal"],"_links":{"self":[{"href":"https:\/\/sites.ecclesia.pt\/cv\/wp-json\/wp\/v2\/posts\/21167","targetHints":{"allow":["GET"]}}],"collection":[{"href":"https:\/\/sites.ecclesia.pt\/cv\/wp-json\/wp\/v2\/posts"}],"about":[{"href":"https:\/\/sites.ecclesia.pt\/cv\/wp-json\/wp\/v2\/types\/post"}],"author":[{"embeddable":true,"href":"https:\/\/sites.ecclesia.pt\/cv\/wp-json\/wp\/v2\/users\/1"}],"replies":[{"embeddable":true,"href":"https:\/\/sites.ecclesia.pt\/cv\/wp-json\/wp\/v2\/comments?post=21167"}],"version-history":[{"count":0,"href":"https:\/\/sites.ecclesia.pt\/cv\/wp-json\/wp\/v2\/posts\/21167\/revisions"}],"wp:attachment":[{"href":"https:\/\/sites.ecclesia.pt\/cv\/wp-json\/wp\/v2\/media?parent=21167"}],"wp:term":[{"taxonomy":"category","embeddable":true,"href":"https:\/\/sites.ecclesia.pt\/cv\/wp-json\/wp\/v2\/categories?post=21167"},{"taxonomy":"post_tag","embeddable":true,"href":"https:\/\/sites.ecclesia.pt\/cv\/wp-json\/wp\/v2\/tags?post=21167"}],"curies":[{"name":"wp","href":"https:\/\/api.w.org\/{rel}","templated":true}]}}