{"id":21170,"date":"2012-11-07T16:46:00","date_gmt":"2012-11-07T16:46:00","guid":{"rendered":"http:\/\/localhost:81\/wp1\/?p=21170"},"modified":"2012-11-07T16:46:00","modified_gmt":"2012-11-07T16:46:00","slug":"alteracao-do-plano-de-pormenor-da-praia-da-vagueira","status":"publish","type":"post","link":"https:\/\/sites.ecclesia.pt\/cv\/alteracao-do-plano-de-pormenor-da-praia-da-vagueira\/","title":{"rendered":"Altera\u00e7\u00e3o do Plano de Pormenor da Praia da Vagueira"},"content":{"rendered":"<p>Breve <!--more--> At\u00e9 ao dia 5 dezembro de 2012 est\u00e1 em discuss\u00e3o p\u00fablica a altera\u00e7\u00e3o ao Plano de Pormenor da Praia da Vagueira, o qual obteve parecer favor\u00e1vel das entidades, na reuni\u00e3o de confer\u00eancia de servi\u00e7os.<\/p>\n<p>Durante o per\u00edodo de discuss\u00e3o p\u00fablica os interessados podem apresentar sugest\u00f5es ou informa\u00e7\u00f5es sobre quaisquer quest\u00f5es que devam ser consideradas no \u00e2mbito da proposta de plano. Os elementos constituintes da altera\u00e7\u00e3o ao plano estar\u00e3o dispon\u00edveis, para consulta, na C\u00e2mara Municipal de Vagos.<\/p>\n","protected":false},"excerpt":{"rendered":"<p>Breve<\/p>\n","protected":false},"author":1,"featured_media":0,"comment_status":"open","ping_status":"open","sticky":false,"template":"","format":"standard","meta":{"footnotes":""},"categories":[45],"tags":[],"class_list":["post-21170","post","type-post","status-publish","format-standard","hentry","category-regioes"],"_links":{"self":[{"href":"https:\/\/sites.ecclesia.pt\/cv\/wp-json\/wp\/v2\/posts\/21170","targetHints":{"allow":["GET"]}}],"collection":[{"href":"https:\/\/sites.ecclesia.pt\/cv\/wp-json\/wp\/v2\/posts"}],"about":[{"href":"https:\/\/sites.ecclesia.pt\/cv\/wp-json\/wp\/v2\/types\/post"}],"author":[{"embeddable":true,"href":"https:\/\/sites.ecclesia.pt\/cv\/wp-json\/wp\/v2\/users\/1"}],"replies":[{"embeddable":true,"href":"https:\/\/sites.ecclesia.pt\/cv\/wp-json\/wp\/v2\/comments?post=21170"}],"version-history":[{"count":0,"href":"https:\/\/sites.ecclesia.pt\/cv\/wp-json\/wp\/v2\/posts\/21170\/revisions"}],"wp:attachment":[{"href":"https:\/\/sites.ecclesia.pt\/cv\/wp-json\/wp\/v2\/media?parent=21170"}],"wp:term":[{"taxonomy":"category","embeddable":true,"href":"https:\/\/sites.ecclesia.pt\/cv\/wp-json\/wp\/v2\/categories?post=21170"},{"taxonomy":"post_tag","embeddable":true,"href":"https:\/\/sites.ecclesia.pt\/cv\/wp-json\/wp\/v2\/tags?post=21170"}],"curies":[{"name":"wp","href":"https:\/\/api.w.org\/{rel}","templated":true}]}}