{"id":21184,"date":"2012-11-07T17:10:00","date_gmt":"2012-11-07T17:10:00","guid":{"rendered":"http:\/\/localhost:81\/wp1\/?p=21184"},"modified":"2012-11-07T17:10:00","modified_gmt":"2012-11-07T17:10:00","slug":"a-pieta-da-catedral-de-braganca","status":"publish","type":"post","link":"https:\/\/sites.ecclesia.pt\/cv\/a-pieta-da-catedral-de-braganca\/","title":{"rendered":"A Piet\u00e0 da Catedral de Bragan\u00e7a"},"content":{"rendered":"<p>Poema <!--more--> Carregas a nossa humanidade at\u00e9 ao fundo do teu colo<\/p>\n<p>As cidades \u00edngremes por onde passamos, as sirenes empastadas de alarme, <\/p>\n<p>O peso do corpo anoitecido<\/p>\n<p>N\u00e3o h\u00e1 \u00e1rvore do horto de Deus que ao alto mais pura se eleve<\/p>\n<p>Mas \u00e9 doloroso trabalho o do amor em que inteira brilhas<\/p>\n<p>\u00d3 M\u00e3e indefesa como um fogo <\/p>\n<p>Passas por n\u00f3s devagar as m\u00e3os protectoras <\/p>\n<p>E o tempo desse amor transparente e \u00edntimo <\/p>\n<p>torna brandas as tempestades em que nos consum\u00e1mos<\/p>\n<p>Chovemos no teu rega\u00e7o a nudez dos nossos sonhos<\/p>\n<p>tatuados a cinza tr\u00e9mula e a vazio<\/p>\n<p>Mas degrau a degrau, cambaleantes subimos<\/p>\n<p>Quando inclinas para n\u00f3s o manto, espa\u00e7o da vis\u00e3o aberta<\/p>\n<p>Consola-nos o abra\u00e7o do teu sil\u00eancio em flor<\/p>\n<p>E a can\u00e7\u00e3o do teu sorriso nos reergue <\/p>\n<p>O milagre se faz ver no fruto do teu ventre<\/p>\n<p>Em ti come\u00e7a a palavra prometida e plena<\/p>\n<p>Por isso festejamos a roda do teu colo<\/p>\n<p>Jos\u00e9 Tolentino Mendon\u00e7a<\/p>\n","protected":false},"excerpt":{"rendered":"<p>Poema<\/p>\n","protected":false},"author":1,"featured_media":0,"comment_status":"open","ping_status":"open","sticky":false,"template":"","format":"standard","meta":{"footnotes":""},"categories":[52],"tags":[],"class_list":["post-21184","post","type-post","status-publish","format-standard","hentry","category-espiritualidade"],"_links":{"self":[{"href":"https:\/\/sites.ecclesia.pt\/cv\/wp-json\/wp\/v2\/posts\/21184","targetHints":{"allow":["GET"]}}],"collection":[{"href":"https:\/\/sites.ecclesia.pt\/cv\/wp-json\/wp\/v2\/posts"}],"about":[{"href":"https:\/\/sites.ecclesia.pt\/cv\/wp-json\/wp\/v2\/types\/post"}],"author":[{"embeddable":true,"href":"https:\/\/sites.ecclesia.pt\/cv\/wp-json\/wp\/v2\/users\/1"}],"replies":[{"embeddable":true,"href":"https:\/\/sites.ecclesia.pt\/cv\/wp-json\/wp\/v2\/comments?post=21184"}],"version-history":[{"count":0,"href":"https:\/\/sites.ecclesia.pt\/cv\/wp-json\/wp\/v2\/posts\/21184\/revisions"}],"wp:attachment":[{"href":"https:\/\/sites.ecclesia.pt\/cv\/wp-json\/wp\/v2\/media?parent=21184"}],"wp:term":[{"taxonomy":"category","embeddable":true,"href":"https:\/\/sites.ecclesia.pt\/cv\/wp-json\/wp\/v2\/categories?post=21184"},{"taxonomy":"post_tag","embeddable":true,"href":"https:\/\/sites.ecclesia.pt\/cv\/wp-json\/wp\/v2\/tags?post=21184"}],"curies":[{"name":"wp","href":"https:\/\/api.w.org\/{rel}","templated":true}]}}