{"id":21223,"date":"2012-11-22T09:53:00","date_gmt":"2012-11-22T09:53:00","guid":{"rendered":"http:\/\/localhost:81\/wp1\/?p=21223"},"modified":"2012-11-22T09:53:00","modified_gmt":"2012-11-22T09:53:00","slug":"novo-livro-de-bento-xvi-sublinha-verdade-historica-do-natal","status":"publish","type":"post","link":"https:\/\/sites.ecclesia.pt\/cv\/novo-livro-de-bento-xvi-sublinha-verdade-historica-do-natal\/","title":{"rendered":"Novo livro de Bento XVI sublinha verdade hist\u00f3rica do Natal"},"content":{"rendered":"<p>O novo livro de Bento XVI que conclui a sua trilogia sobre \u2018Jesus de Nazar\u00e9\u2019, ontem apresentado no Vaticano, destaca a verdade hist\u00f3rica do Natal e sustenta que a figura de Cristo se distingue das personagens da mitologia. \u201cJesus n\u00e3o nasceu nem apareceu publicamente no vago \u2018outrora\u2019 do mito. Ele pertence a um tempo dat\u00e1vel exatamente e a um ambiente geogr\u00e1fico indicado com clareza\u201d, escreve Bento XVI no volume intitulado \u2018A inf\u00e2ncia da Jesus\u2019.<\/p>\n<p>A obra chega hoje \u00e0s livrarias portuguesas e a mais 50 pa\u00edses, com uma tiragem inicial de mais de um milh\u00e3o de exemplares em oito l\u00ednguas (italiano, franc\u00eas, ingl\u00eas, espanhol, alem\u00e3o, portugu\u00eas, croata, polaco).<\/p>\n","protected":false},"excerpt":{"rendered":"<p>O novo livro de Bento XVI que conclui a sua trilogia sobre \u2018Jesus de Nazar\u00e9\u2019, ontem apresentado no Vaticano, destaca a verdade hist\u00f3rica do Natal e sustenta que a figura de Cristo se distingue das personagens da mitologia. \u201cJesus n\u00e3o nasceu nem apareceu publicamente no vago \u2018outrora\u2019 do mito. Ele pertence a um tempo dat\u00e1vel [&hellip;]<\/p>\n","protected":false},"author":1,"featured_media":0,"comment_status":"open","ping_status":"open","sticky":false,"template":"","format":"standard","meta":{"footnotes":""},"categories":[55],"tags":[],"class_list":["post-21223","post","type-post","status-publish","format-standard","hentry","category-igreja-no-mundo"],"_links":{"self":[{"href":"https:\/\/sites.ecclesia.pt\/cv\/wp-json\/wp\/v2\/posts\/21223","targetHints":{"allow":["GET"]}}],"collection":[{"href":"https:\/\/sites.ecclesia.pt\/cv\/wp-json\/wp\/v2\/posts"}],"about":[{"href":"https:\/\/sites.ecclesia.pt\/cv\/wp-json\/wp\/v2\/types\/post"}],"author":[{"embeddable":true,"href":"https:\/\/sites.ecclesia.pt\/cv\/wp-json\/wp\/v2\/users\/1"}],"replies":[{"embeddable":true,"href":"https:\/\/sites.ecclesia.pt\/cv\/wp-json\/wp\/v2\/comments?post=21223"}],"version-history":[{"count":0,"href":"https:\/\/sites.ecclesia.pt\/cv\/wp-json\/wp\/v2\/posts\/21223\/revisions"}],"wp:attachment":[{"href":"https:\/\/sites.ecclesia.pt\/cv\/wp-json\/wp\/v2\/media?parent=21223"}],"wp:term":[{"taxonomy":"category","embeddable":true,"href":"https:\/\/sites.ecclesia.pt\/cv\/wp-json\/wp\/v2\/categories?post=21223"},{"taxonomy":"post_tag","embeddable":true,"href":"https:\/\/sites.ecclesia.pt\/cv\/wp-json\/wp\/v2\/tags?post=21223"}],"curies":[{"name":"wp","href":"https:\/\/api.w.org\/{rel}","templated":true}]}}