{"id":21234,"date":"2012-11-22T10:15:00","date_gmt":"2012-11-22T10:15:00","guid":{"rendered":"http:\/\/localhost:81\/wp1\/?p=21234"},"modified":"2012-11-22T10:15:00","modified_gmt":"2012-11-22T10:15:00","slug":"fe-e-memorias-do-leigo-que-falou-no-concilio","status":"publish","type":"post","link":"https:\/\/sites.ecclesia.pt\/cv\/fe-e-memorias-do-leigo-que-falou-no-concilio\/","title":{"rendered":"F\u00e9 e mem\u00f3rias do leigo que falou no Conc\u00edlio"},"content":{"rendered":"<p>Livro <!--more--> N\u00e3o \u00e9 descabido, nem pela riqueza de pensamento nem pelo testemunho de f\u00e9, ler e ouvir o fil\u00f3sofo Jean Guitton. Acresce a isto o facto de este ser, at\u00e9 ao momento, em toda a hist\u00f3ria da Igreja, o \u00fanico leigo a quem foi dada a palavra num Conc\u00edlio. Em pleno Ano da F\u00e9, que assinala os 50 anos da abertura do Vaticano II, no qual usou da palavra, eis mais uma raz\u00e3o para ler. Sugiro uma entrevista concedida \u00e0 jornalista italiana Francesca Pini, que d\u00e1 origem ao livro com o t\u00edtulo \u201cNo cora\u00e7\u00e3o do infinito\u201d.<\/p>\n<p>Do alto dos seus 96, na altura em que concedeu esta entrevista (Jean Guitton faleceu em mar\u00e7o de 1999, com 97 anos) o fil\u00f3sofo franc\u00eas n\u00e3o se envergonha de falar da sua f\u00e9, e de dizer que acreditar \u00e9 diferente de saber e de compreender; ao inv\u00e9s, acreditar \u00e9 aderir na noite. Sempre procurando aproximar f\u00e9 e raz\u00e3o, mas sem deixar de lado o seu catolicismo, chega a dizer: \u201cO fundamento da minha vida de fil\u00f3sofo foi ajudar as pessoas a optarem por um Deus criador em vez do pante\u00edsmo\u201d.<\/p>\n<p>Amigo pessoal de Paulo VI, confessa, a certa altura deste livro, que depois de ter ficado vi\u00favo, a mando de um dos confessores, foi a Roma dizer ao seu amigo: \u201cAgora que a minha mulher morreu, gostaria de me fazer padre\u201d. Ao pedido do amigo, Montini respondeu: \u201cSegunda-feira di\u00e1cono; ter\u00e7a-feira, padre; quarta-feira, bispo; quinta-feira, cardeal; sexta-feira, papa.\u201d E, termina Guitton, comentando o momento \u00e0 jornalista: \u201cTro\u00e7ou de mim\u201d!<\/p>\n<p>Com liberdade de esp\u00edrito, abertura, franqueza, lucidez, sabedoria, m\u00edstica e f\u00e9, eis Guitton \u00e0 nossa merc\u00ea, para ser lido e apreendido, enquanto homem, fil\u00f3sofo, m\u00edstico e, acima de tudo, crist\u00e3o at\u00e9 ao fim!<\/p>\n<p>Jos\u00e9 Ant\u00f3nio Carneiro<\/p>\n","protected":false},"excerpt":{"rendered":"<p>Livro<\/p>\n","protected":false},"author":1,"featured_media":0,"comment_status":"open","ping_status":"open","sticky":false,"template":"","format":"standard","meta":{"footnotes":""},"categories":[54],"tags":[],"class_list":["post-21234","post","type-post","status-publish","format-standard","hentry","category-livros-e-multimedia"],"_links":{"self":[{"href":"https:\/\/sites.ecclesia.pt\/cv\/wp-json\/wp\/v2\/posts\/21234","targetHints":{"allow":["GET"]}}],"collection":[{"href":"https:\/\/sites.ecclesia.pt\/cv\/wp-json\/wp\/v2\/posts"}],"about":[{"href":"https:\/\/sites.ecclesia.pt\/cv\/wp-json\/wp\/v2\/types\/post"}],"author":[{"embeddable":true,"href":"https:\/\/sites.ecclesia.pt\/cv\/wp-json\/wp\/v2\/users\/1"}],"replies":[{"embeddable":true,"href":"https:\/\/sites.ecclesia.pt\/cv\/wp-json\/wp\/v2\/comments?post=21234"}],"version-history":[{"count":0,"href":"https:\/\/sites.ecclesia.pt\/cv\/wp-json\/wp\/v2\/posts\/21234\/revisions"}],"wp:attachment":[{"href":"https:\/\/sites.ecclesia.pt\/cv\/wp-json\/wp\/v2\/media?parent=21234"}],"wp:term":[{"taxonomy":"category","embeddable":true,"href":"https:\/\/sites.ecclesia.pt\/cv\/wp-json\/wp\/v2\/categories?post=21234"},{"taxonomy":"post_tag","embeddable":true,"href":"https:\/\/sites.ecclesia.pt\/cv\/wp-json\/wp\/v2\/tags?post=21234"}],"curies":[{"name":"wp","href":"https:\/\/api.w.org\/{rel}","templated":true}]}}