{"id":21238,"date":"2012-11-28T15:25:00","date_gmt":"2012-11-28T15:25:00","guid":{"rendered":"http:\/\/localhost:81\/wp1\/?p=21238"},"modified":"2012-11-28T15:25:00","modified_gmt":"2012-11-28T15:25:00","slug":"bento-xvi-vai-ter-conta-na-rede-social-twitter","status":"publish","type":"post","link":"https:\/\/sites.ecclesia.pt\/cv\/bento-xvi-vai-ter-conta-na-rede-social-twitter\/","title":{"rendered":"Bento XVI vai ter conta na rede social Twitter"},"content":{"rendered":"<p>Bento XVI vai ter uma conta no Twitter, rede social de pequenas mensagens, que ser\u00e1 apresentada no pr\u00f3ximo dia 3 de dezembro. A confer\u00eancia de imprensa vai decorrer a partir das 11h30 (menos uma em Lisboa), com a presen\u00e7a do presidente do Conselho Pontif\u00edcio para as Comunica\u00e7\u00f5es Sociais (CPCS), que vai falar da presen\u00e7a do Papa no Twitter e fornecer informa\u00e7\u00f5es sobre o uso dos novos media no Vaticano. Em fevereiro passado, D. Claudio Maria Celli tinha revelado que a conta do Papa vai apresentar, no formato de pequenas mensagens, as interven\u00e7\u00f5es no Angelus (aos domingos), nas viagens ao estrangeiro e noutros momentos relevantes.<\/p>\n","protected":false},"excerpt":{"rendered":"<p>Bento XVI vai ter uma conta no Twitter, rede social de pequenas mensagens, que ser\u00e1 apresentada no pr\u00f3ximo dia 3 de dezembro. A confer\u00eancia de imprensa vai decorrer a partir das 11h30 (menos uma em Lisboa), com a presen\u00e7a do presidente do Conselho Pontif\u00edcio para as Comunica\u00e7\u00f5es Sociais (CPCS), que vai falar da presen\u00e7a do [&hellip;]<\/p>\n","protected":false},"author":1,"featured_media":0,"comment_status":"open","ping_status":"open","sticky":false,"template":"","format":"standard","meta":{"footnotes":""},"categories":[55],"tags":[],"class_list":["post-21238","post","type-post","status-publish","format-standard","hentry","category-igreja-no-mundo"],"_links":{"self":[{"href":"https:\/\/sites.ecclesia.pt\/cv\/wp-json\/wp\/v2\/posts\/21238","targetHints":{"allow":["GET"]}}],"collection":[{"href":"https:\/\/sites.ecclesia.pt\/cv\/wp-json\/wp\/v2\/posts"}],"about":[{"href":"https:\/\/sites.ecclesia.pt\/cv\/wp-json\/wp\/v2\/types\/post"}],"author":[{"embeddable":true,"href":"https:\/\/sites.ecclesia.pt\/cv\/wp-json\/wp\/v2\/users\/1"}],"replies":[{"embeddable":true,"href":"https:\/\/sites.ecclesia.pt\/cv\/wp-json\/wp\/v2\/comments?post=21238"}],"version-history":[{"count":0,"href":"https:\/\/sites.ecclesia.pt\/cv\/wp-json\/wp\/v2\/posts\/21238\/revisions"}],"wp:attachment":[{"href":"https:\/\/sites.ecclesia.pt\/cv\/wp-json\/wp\/v2\/media?parent=21238"}],"wp:term":[{"taxonomy":"category","embeddable":true,"href":"https:\/\/sites.ecclesia.pt\/cv\/wp-json\/wp\/v2\/categories?post=21238"},{"taxonomy":"post_tag","embeddable":true,"href":"https:\/\/sites.ecclesia.pt\/cv\/wp-json\/wp\/v2\/tags?post=21238"}],"curies":[{"name":"wp","href":"https:\/\/api.w.org\/{rel}","templated":true}]}}