{"id":21239,"date":"2012-11-28T15:27:00","date_gmt":"2012-11-28T15:27:00","guid":{"rendered":"http:\/\/localhost:81\/wp1\/?p=21239"},"modified":"2012-11-28T15:27:00","modified_gmt":"2012-11-28T15:27:00","slug":"rd-congo-5","status":"publish","type":"post","link":"https:\/\/sites.ecclesia.pt\/cv\/rd-congo-5\/","title":{"rendered":"RD Congo"},"content":{"rendered":"<p>Crist\u00e3os no Mundo <!--more--> Em miss\u00e3o de esperan\u00e7a, o irm\u00e3o Alois, prior da comunidade ecum\u00e9nica de Taiz\u00e9 (Fran\u00e7a), deslocou-se nos dias 21 e 22 de novembro \u00e0 cidade de Goma, na Rep\u00fablica Democr\u00e1tica do Congo, uma das regi\u00f5es mais afetadas pela guerra civil que atinge o pa\u00eds. Poucos dias antes, entre 14 e 18, em colabora\u00e7\u00e3o com as igrejas locais, a comunidade de Taiz\u00e9 animou um encontro de jovens em Kigali, no vizinho Ruandam, com a participa\u00e7\u00e3o de oito mil jovens.<\/p>\n","protected":false},"excerpt":{"rendered":"<p>Crist\u00e3os no Mundo<\/p>\n","protected":false},"author":1,"featured_media":0,"comment_status":"open","ping_status":"open","sticky":false,"template":"","format":"standard","meta":{"footnotes":""},"categories":[55],"tags":[],"class_list":["post-21239","post","type-post","status-publish","format-standard","hentry","category-igreja-no-mundo"],"_links":{"self":[{"href":"https:\/\/sites.ecclesia.pt\/cv\/wp-json\/wp\/v2\/posts\/21239","targetHints":{"allow":["GET"]}}],"collection":[{"href":"https:\/\/sites.ecclesia.pt\/cv\/wp-json\/wp\/v2\/posts"}],"about":[{"href":"https:\/\/sites.ecclesia.pt\/cv\/wp-json\/wp\/v2\/types\/post"}],"author":[{"embeddable":true,"href":"https:\/\/sites.ecclesia.pt\/cv\/wp-json\/wp\/v2\/users\/1"}],"replies":[{"embeddable":true,"href":"https:\/\/sites.ecclesia.pt\/cv\/wp-json\/wp\/v2\/comments?post=21239"}],"version-history":[{"count":0,"href":"https:\/\/sites.ecclesia.pt\/cv\/wp-json\/wp\/v2\/posts\/21239\/revisions"}],"wp:attachment":[{"href":"https:\/\/sites.ecclesia.pt\/cv\/wp-json\/wp\/v2\/media?parent=21239"}],"wp:term":[{"taxonomy":"category","embeddable":true,"href":"https:\/\/sites.ecclesia.pt\/cv\/wp-json\/wp\/v2\/categories?post=21239"},{"taxonomy":"post_tag","embeddable":true,"href":"https:\/\/sites.ecclesia.pt\/cv\/wp-json\/wp\/v2\/tags?post=21239"}],"curies":[{"name":"wp","href":"https:\/\/api.w.org\/{rel}","templated":true}]}}