{"id":21277,"date":"2012-11-28T16:00:00","date_gmt":"2012-11-28T16:00:00","guid":{"rendered":"http:\/\/localhost:81\/wp1\/?p=21277"},"modified":"2012-11-28T16:00:00","modified_gmt":"2012-11-28T16:00:00","slug":"dia-do-anuncio-em-concurso","status":"publish","type":"post","link":"https:\/\/sites.ecclesia.pt\/cv\/dia-do-anuncio-em-concurso\/","title":{"rendered":"Dia do an\u00fancio em concurso"},"content":{"rendered":"<p>O SDPJV desafiou os grupos a tirarem fotos originais nas salas de reuni\u00e3o com o estandarte do dia do an\u00fancio e a enviarem-nas por mail. At\u00e9 30 de novembro, o organismo da pastoral juvenil diocesana ainda recebe fotos para o concurso diocesano da \u201cmelhor foto\u201d. Endere\u00e7os: geral@sdpj-aveiro.org e\/ou diadoanuncio@diocese-aveiro.pt. Na foto, grupo de jovens de Rocas do Vouga.<\/p>\n","protected":false},"excerpt":{"rendered":"<p>O SDPJV desafiou os grupos a tirarem fotos originais nas salas de reuni\u00e3o com o estandarte do dia do an\u00fancio e a enviarem-nas por mail. At\u00e9 30 de novembro, o organismo da pastoral juvenil diocesana ainda recebe fotos para o concurso diocesano da \u201cmelhor foto\u201d. Endere\u00e7os: geral@sdpj-aveiro.org e\/ou diadoanuncio@diocese-aveiro.pt. Na foto, grupo de jovens de [&hellip;]<\/p>\n","protected":false},"author":1,"featured_media":0,"comment_status":"open","ping_status":"open","sticky":false,"template":"","format":"standard","meta":{"footnotes":""},"categories":[51],"tags":[],"class_list":["post-21277","post","type-post","status-publish","format-standard","hentry","category-jovens"],"_links":{"self":[{"href":"https:\/\/sites.ecclesia.pt\/cv\/wp-json\/wp\/v2\/posts\/21277","targetHints":{"allow":["GET"]}}],"collection":[{"href":"https:\/\/sites.ecclesia.pt\/cv\/wp-json\/wp\/v2\/posts"}],"about":[{"href":"https:\/\/sites.ecclesia.pt\/cv\/wp-json\/wp\/v2\/types\/post"}],"author":[{"embeddable":true,"href":"https:\/\/sites.ecclesia.pt\/cv\/wp-json\/wp\/v2\/users\/1"}],"replies":[{"embeddable":true,"href":"https:\/\/sites.ecclesia.pt\/cv\/wp-json\/wp\/v2\/comments?post=21277"}],"version-history":[{"count":0,"href":"https:\/\/sites.ecclesia.pt\/cv\/wp-json\/wp\/v2\/posts\/21277\/revisions"}],"wp:attachment":[{"href":"https:\/\/sites.ecclesia.pt\/cv\/wp-json\/wp\/v2\/media?parent=21277"}],"wp:term":[{"taxonomy":"category","embeddable":true,"href":"https:\/\/sites.ecclesia.pt\/cv\/wp-json\/wp\/v2\/categories?post=21277"},{"taxonomy":"post_tag","embeddable":true,"href":"https:\/\/sites.ecclesia.pt\/cv\/wp-json\/wp\/v2\/tags?post=21277"}],"curies":[{"name":"wp","href":"https:\/\/api.w.org\/{rel}","templated":true}]}}