{"id":21285,"date":"2012-11-07T16:39:00","date_gmt":"2012-11-07T16:39:00","guid":{"rendered":"http:\/\/localhost:81\/wp1\/?p=21285"},"modified":"2012-11-07T16:39:00","modified_gmt":"2012-11-07T16:39:00","slug":"paquistao-20","status":"publish","type":"post","link":"https:\/\/sites.ecclesia.pt\/cv\/paquistao-20\/","title":{"rendered":"Paquist\u00e3o"},"content":{"rendered":"<p>Crist\u00e3os no Mundo <!--more--> O bispo auxiliar de Lahore, D. Sebastian Francis Shaw, real\u00e7a que, embora sejam poucos, os crist\u00e3os tamb\u00e9m ajudaram a fundar o Paquist\u00e3o, pelo que denuncia como alguns de seus irm\u00e3os mu\u00e7ulmanos atacam ou desprezam aos crist\u00e3os, vistos como aliados da cultura ocidental. Ap\u00f3s o 11 de Setembro, disse o bispo \u00e0 ag\u00eancia ACI, \u201c\u00e0s vezes, os mu\u00e7ulmanos, alguns, n\u00e3o todos, pensam que (os crist\u00e3os) s\u00e3o aliados dos Estados Unidos ou da Europa\u201d.<\/p>\n","protected":false},"excerpt":{"rendered":"<p>Crist\u00e3os no Mundo<\/p>\n","protected":false},"author":1,"featured_media":0,"comment_status":"open","ping_status":"open","sticky":false,"template":"","format":"standard","meta":{"footnotes":""},"categories":[55],"tags":[],"class_list":["post-21285","post","type-post","status-publish","format-standard","hentry","category-igreja-no-mundo"],"_links":{"self":[{"href":"https:\/\/sites.ecclesia.pt\/cv\/wp-json\/wp\/v2\/posts\/21285","targetHints":{"allow":["GET"]}}],"collection":[{"href":"https:\/\/sites.ecclesia.pt\/cv\/wp-json\/wp\/v2\/posts"}],"about":[{"href":"https:\/\/sites.ecclesia.pt\/cv\/wp-json\/wp\/v2\/types\/post"}],"author":[{"embeddable":true,"href":"https:\/\/sites.ecclesia.pt\/cv\/wp-json\/wp\/v2\/users\/1"}],"replies":[{"embeddable":true,"href":"https:\/\/sites.ecclesia.pt\/cv\/wp-json\/wp\/v2\/comments?post=21285"}],"version-history":[{"count":0,"href":"https:\/\/sites.ecclesia.pt\/cv\/wp-json\/wp\/v2\/posts\/21285\/revisions"}],"wp:attachment":[{"href":"https:\/\/sites.ecclesia.pt\/cv\/wp-json\/wp\/v2\/media?parent=21285"}],"wp:term":[{"taxonomy":"category","embeddable":true,"href":"https:\/\/sites.ecclesia.pt\/cv\/wp-json\/wp\/v2\/categories?post=21285"},{"taxonomy":"post_tag","embeddable":true,"href":"https:\/\/sites.ecclesia.pt\/cv\/wp-json\/wp\/v2\/tags?post=21285"}],"curies":[{"name":"wp","href":"https:\/\/api.w.org\/{rel}","templated":true}]}}