{"id":21292,"date":"2012-12-05T15:48:00","date_gmt":"2012-12-05T15:48:00","guid":{"rendered":"http:\/\/localhost:81\/wp1\/?p=21292"},"modified":"2012-12-05T15:48:00","modified_gmt":"2012-12-05T15:48:00","slug":"vive-a-palavra","status":"publish","type":"post","link":"https:\/\/sites.ecclesia.pt\/cv\/vive-a-palavra\/","title":{"rendered":"Vive a Palavra!"},"content":{"rendered":"<p>Mensagem \u00e0 Diocese <!--more--> Iniciamos o Advento. Ao longo de quatro semanas vamos acolher a Palavra de Deus e viver esta pedagogia divina que nos prepara para celebrar o mist\u00e9rio do Natal.<\/p>\n<p>Estamos voltados agora para a Miss\u00e3o 11, de dezembro, pela prepara\u00e7\u00e3o do Dia da Palavra, que tem sabor a Natal, acolhendo a beleza do Dom que \u00e9 Deus feito Palavra. O Natal \u00e9 esta Palavra de Deus para sempre dita \u00e0 humanidade, porque o \u00abVerbo de Deus se fez Homem\u00bb (Jo 1,14). <\/p>\n<p>Vamos escutar e ler em lugares e tempos diferentes do habitual a Palavra de Deus, aprendendo novas linguagens para falar de Deus e encontrando novas formas para acolher os anseios do cora\u00e7\u00e3o humano.<\/p>\n<p>\u00abUm dia vou falar de Ti\u2026 hoje \u00e9 o dia\u00bb. Que este dia vivido em Miss\u00e3o nos ensine a fazer de todos os dias momentos, oportunidades e lugares para falarmos de Deus e para fazermos que o Natal aconte\u00e7a nos lugares e nas pessoas em que a humanidade diariamente nasce, caminha, se alegra, sofre, se constr\u00f3i e acredita!<\/p>\n<p>N\u00e3o faltam felizmente na nossa Diocese cada vez mais mensageiros desta certeza e anunciadores desta alegria a percorrer de novo todas as ruas para levar esta palavra de an\u00fancio e de advento do Natal a todas as fam\u00edlias. <\/p>\n<p>Vamos fazer das nossas ruas e pra\u00e7as, lugares novos e belos que Deus escolheu para nos falar.<\/p>\n<p>A Palavra de Deus \u00e9 luz para os nossos caminhos. \u00c9 b\u00fassola que guia os nossos passos. \u00c9 farol que nos ilumina na procura de Deus. \u00c9 estrela que nos conduz ao Natal de Jesus.<\/p>\n<p> Deus falou-nos de muitos modos e em todos os tempos. Neste tempo que \u00e9 o nosso, Deus falou-nos por Seu Filho Jesus Cristo (cf. Heb 1,1-4). O Natal, que vamos celebrar, \u00e9 Palavra de Deus que em Jesus se faz Dom para a Humanidade.<\/p>\n<p>Queremos escrever e erguer a Palavra de Deus para que ela se fixe no nosso olhar, se grave no nosso cora\u00e7\u00e3o, se espelhe na nossa vida e fique impressa para sempre neste solo aben\u00e7oado da Diocese de Aveiro.<\/p>\n<p>D. Manuel de Almeida Trindade <\/p>\n<p>&#8211; Mem\u00f3ria e Gratid\u00e3o<\/p>\n<p>Neste tempo de Miss\u00e3o Jubilar quero lembrar que no pr\u00f3ximo dia 8 de dezembro se perfazem 50 anos sobre o in\u00edcio do minist\u00e9rio de bispo diocesano de Aveiro do senhor D. Manuel de Almeida Trindade. <\/p>\n<p>Nomeado bispo de Aveiro a 16 de setembro de 1962, parte alguns dias depois para Roma para participar na primeira Sess\u00e3o do Conc\u00edlio e \u00e9 de Roma, ainda, que no dia 8 de dezembro anuncia \u00e0 Diocese o in\u00edcio do seu m\u00fanus. Ordenado bispo na S\u00e9 de Coimbra a 16 de dezembro, entra na Diocese a 23 de dezembro. S\u00e3o jubilares, por isso, estas datas e \u00e9 de miss\u00e3o que nos fala a vida e o minist\u00e9rio episcopal do senhor D. Manuel.<\/p>\n<p>Escolhi h\u00e1 seis anos o dia 8 de dezembro como dia do in\u00edcio do meu minist\u00e9rio pastoral e da entrada na diocese, tamb\u00e9m, em mem\u00f3ria da mesma escolha feita pelo senhor D. Manuel, como tinha indicado o dia 21 de setembro, anivers\u00e1rio de nascimento e de ordena\u00e7\u00e3o episcopal do senhor D. Ant\u00f3nio Marcelino, para dia em que se tornava p\u00fablica a minha nomea\u00e7\u00e3o como bispo de Aveiro. Fiz essa escolha numa atitude de comunh\u00e3o com os meus antecessores, ainda vivos, vinculando-me, assim, ao belo percurso desta Igreja de Aveiro, na continuidade ininterrupta da sucess\u00e3o apost\u00f3lica.<\/p>\n<p>\u00c9, assim, de jubileu, de miss\u00e3o e de a\u00e7\u00e3o de gra\u00e7as esta evoca\u00e7\u00e3o da mem\u00f3ria viva do senhor D. Manuel. Celebrarei a Eucaristia, no pr\u00f3ximo dia 8 de dezembro, na S\u00e9 \u00e0s 19 horas, evocando o senhor D. Manuel e agradecendo todos quantos ao longo destes 74 anos de vida e de miss\u00e3o ajudaram a edificar a Igreja que hoje somos. <\/p>\n<p>Pe\u00e7o aos sacerdotes que fa\u00e7am o mesmo e desejo que em cada uma das comunidades da nossa Diocese se viva e celebre este dia como momento jubilar de mem\u00f3ria e de gratid\u00e3o.<\/p>\n<p>Natal, Fam\u00edlia <\/p>\n<p>e Comunidade<\/p>\n<p>A fam\u00edlia \u00e9 o ambiente natural para preparar e viver o Natal, e a comunidade crist\u00e3, entendida como fam\u00edlia de fam\u00edlias, \u00e9 a escola necess\u00e1ria onde mais nos aproximamos da fam\u00edlia de Jesus e onde melhor nos preparamos para o Natal.<\/p>\n<p>Sei como as nossas catequeses, iniciativas paroquiais e celebra\u00e7\u00f5es crist\u00e3s valorizam esta pedagogia que o tempo lit\u00fargico do Advento nos oferece para caminharmos, domingo a domingo e semana a semana, para o Natal.<\/p>\n<p>Ao ler o livro de Bento XVI, agora publicado, sobre o nascimento e a inf\u00e2ncia de Jesus, senti que o mist\u00e9rio do Natal \u00e9 o verdadeiro p\u00f3rtico para compreendermos a vida e contemplarmos e assumirmos a miss\u00e3o de Jesus e da Fam\u00edlia de Nazar\u00e9.<\/p>\n<p>\u00c9, assim tamb\u00e9m, \u00e0 luz do Natal que as fam\u00edlias da nossa Diocese podem e devem ir buscar, neste tempo de Miss\u00e3o Jubilar, novo encanto para viver o seu amor feliz e novo alento para encontrar fortaleza e \u00e2nimo para vencer prova\u00e7\u00f5es dolorosas e superar dramas angustiantes.<\/p>\n<p>Iluminadas pela Palavra de Deus, as fam\u00edlias, as institui\u00e7\u00f5es sociais e as comunidades crist\u00e3s est\u00e3o mais atentas \u00e0 Palavra e \u00e0 presen\u00e7a de Deus inscritas no cora\u00e7\u00e3o da Humanidade e sentem-se mais unidas e mais pr\u00f3ximas dos que sofrem e dos que sonham com um mundo onde as bem-aventuran\u00e7as do evangelho espelhem a alegria do Natal.<\/p>\n<p>A Palavra de Deus \u00e9 caminho, \u00e9 encontro, \u00e9 vida, \u00e9 felicidade. \u00c9 Natal.<\/p>\n<p>Um santo Advento e um feliz e aben\u00e7oado Natal para todos.<\/p>\n<p>Aveiro, 2 de dezembro de 2012<\/p>\n<p>Ant\u00f3nio Francisco dos Santos, Bispo de Aveiro<\/p>\n","protected":false},"excerpt":{"rendered":"<p>Mensagem \u00e0 Diocese<\/p>\n","protected":false},"author":1,"featured_media":0,"comment_status":"open","ping_status":"open","sticky":false,"template":"","format":"standard","meta":{"footnotes":""},"categories":[38],"tags":[],"class_list":["post-21292","post","type-post","status-publish","format-standard","hentry","category-destaque"],"_links":{"self":[{"href":"https:\/\/sites.ecclesia.pt\/cv\/wp-json\/wp\/v2\/posts\/21292","targetHints":{"allow":["GET"]}}],"collection":[{"href":"https:\/\/sites.ecclesia.pt\/cv\/wp-json\/wp\/v2\/posts"}],"about":[{"href":"https:\/\/sites.ecclesia.pt\/cv\/wp-json\/wp\/v2\/types\/post"}],"author":[{"embeddable":true,"href":"https:\/\/sites.ecclesia.pt\/cv\/wp-json\/wp\/v2\/users\/1"}],"replies":[{"embeddable":true,"href":"https:\/\/sites.ecclesia.pt\/cv\/wp-json\/wp\/v2\/comments?post=21292"}],"version-history":[{"count":0,"href":"https:\/\/sites.ecclesia.pt\/cv\/wp-json\/wp\/v2\/posts\/21292\/revisions"}],"wp:attachment":[{"href":"https:\/\/sites.ecclesia.pt\/cv\/wp-json\/wp\/v2\/media?parent=21292"}],"wp:term":[{"taxonomy":"category","embeddable":true,"href":"https:\/\/sites.ecclesia.pt\/cv\/wp-json\/wp\/v2\/categories?post=21292"},{"taxonomy":"post_tag","embeddable":true,"href":"https:\/\/sites.ecclesia.pt\/cv\/wp-json\/wp\/v2\/tags?post=21292"}],"curies":[{"name":"wp","href":"https:\/\/api.w.org\/{rel}","templated":true}]}}