{"id":21293,"date":"2012-12-05T15:51:00","date_gmt":"2012-12-05T15:51:00","guid":{"rendered":"http:\/\/localhost:81\/wp1\/?p=21293"},"modified":"2012-12-05T15:51:00","modified_gmt":"2012-12-05T15:51:00","slug":"o-estado-deve-confiar-nas-instituicoes-sociais-trabalham-com-mais-qualidade-e-menos-custos","status":"publish","type":"post","link":"https:\/\/sites.ecclesia.pt\/cv\/o-estado-deve-confiar-nas-instituicoes-sociais-trabalham-com-mais-qualidade-e-menos-custos\/","title":{"rendered":"&#8220;O Estado deve confiar nas institui\u00e7\u00f5es sociais: trabalham com mais qualidade e menos custos&#8221;"},"content":{"rendered":"<p>Afirma o Ministro da Solidariedade e da Seguran\u00e7a Social <!--more--> Ministro defende pol\u00edtica com \u201cverdade e transpar\u00eancia\u201d. Arcebispo pede aos crist\u00e3os para estarem no mundo sem serem mundanos. <\/p>\n<p>\u201cTemos uma curta margem de manobra, mas assumimos em primeiro lugar o valor da verdade e da transpar\u00eancia\u201d, afirmou Pedro Mota Soares, em Vagos, na noite de 30 de novembro. O ministro da Solidariedade e Seguran\u00e7a Social notou que o tempo \u00e9 \u201cdif\u00edcil para decis\u00f5es pol\u00edticas, n\u00e3o \u00e9 de opini\u00f5es, \u00e9 de decis\u00f5es e obriga\u00e7\u00f5es\u201d. \u201cSe n\u00e3o as fizermos, \u00e9 o pr\u00f3prio Estado portugu\u00eas que fica em causa. Em tempos dif\u00edceis, [mesmo assim] h\u00e1 muitas reformas estruturais que podemos fazer\u201d, disse. Pedro Mota Soares, com D. Jorge Ortiga, participou no primeiro debate promovido pela Miss\u00e3o Jubilar, que teve como tema \u201ca\u00e7\u00e3o social &#8211; protagonistas\u201d. Num tom que pareceu sincero a quem est\u00e1 habituado a ouvir falar os pol\u00edticos, perante muitas pessoas ligadas \u00e0 a\u00e7\u00e3o social e diversos dirigentes de institui\u00e7\u00f5es de solidariedade, o ministro afirmou a necessidade de pensar o Estado social seguindo o exemplo do que j\u00e1 \u00e9 bem executado. E apontou que o acolhimento dos idosos e das crian\u00e7as nas institui\u00e7\u00f5es sociais (lares, creches, servi\u00e7os de apoio ao domic\u00edlio, etc.) \u00e9 um \u201cexemplo que se deve repetir\u201d, \u201c\u00e9 o cora\u00e7\u00e3o do Estado social sem ser o Estado a prestar diretamente o servi\u00e7o, porque este foi contratualizado com as entidades e elas fazem-no com mais proximidade, qualidade e conten\u00e7\u00e3o de custos\u201d. \u201cO pa\u00eds parava se as institui\u00e7\u00f5es sociais parassem. (\u2026) O Estado deve confiar nas institui\u00e7\u00f5es e contratualizar com elas respostas sociais para que as fam\u00edlias possam escolher\u201d.<\/p>\n<p>O ministro louvou o seu programa de emerg\u00eancia social (com apoios, por exemplo, para os casais desempregados), o aumento da oferta nas institui\u00e7\u00f5es com as mesmas instala\u00e7\u00f5es, a elimina\u00e7\u00e3o de certas exig\u00eancias burocr\u00e1ticas (\u201cest\u00fapidas\u201d), a continua\u00e7\u00e3o da devolu\u00e7\u00e3o do IVA das obras (contra o que pretendia a troika), e o exemplo de excel\u00eancia que s\u00e3o muitas institui\u00e7\u00f5es sociais, nomeadamente as miseric\u00f3rdias, que at\u00e9 foram \u201cexportadas\u201d. Contudo, o tema do emprego esteve ausente, num dia em que se ficou a conhecer um novo recorde de desemprego: 16,3 por cento. Nesse mesmo dia, em Figueir\u00f3 dos Vinhos, Pedro Mota Soares afirmara \u00e0 imprensa a ideia de criar um subs\u00eddio de desemprego para pequenos e m\u00e9dios empres\u00e1rios e a necessidade de reformas estruturais para relan\u00e7ar a economia.<\/p>\n<p>\u201cSujar os sapatos\u201d<\/p>\n<p>D. Jorge Ortiga centrou a sua interven\u00e7\u00e3o na responsabiliza\u00e7\u00e3o dos crist\u00e3os: \u201cMetemos o cristianismo dentro da Igreja, mas devemos \u00e9 colocar mais o mundo dentro do nosso cora\u00e7\u00e3o, n\u00e3o para sermos mundanos, mas para amarmos os outros. Temos de sujar os sapatos na fraqueza do mundo\u201d. Noutro momento, insistiu: \u201cFalamos muito de catequese, falamos muito de liturgia, mas pouco de a\u00e7\u00e3o social. E n\u00e3o deve haver catequese nem liturgia sem a\u00e7\u00e3o social\u201d. O Arcebispo de Braga e presidente da Comiss\u00e3o Episcopal da Pastoral Social e Mobilidade Humana lembrou dois acontecimentos recentes e de impacto nacional, o \u00c1trio dos Gentios, em Braga, em que ficou patente que \u201co valor da vida s\u00f3 se torna evidente se Deus existe\u201d, e a Semana Social, no Porto, que abordou precisamente o \u201cEstado social\u201d, um tema escolhido muito antes do debate que agora est\u00e1 a ser feito na sociedade portuguesa por causa dos cortes or\u00e7amentais. <\/p>\n<p>No momento das perguntas, dado o avan\u00e7ado da hora, s\u00f3 se colocaram tr\u00eas quest\u00f5es: Quem vem primeiro na solidariedade, o Estado ou a sociedade? N\u00e3o deveria haver um teto m\u00e1ximo para os sal\u00e1rios? Por que h\u00e1 tanta burocracia nas obras das institui\u00e7\u00f5es sociais? \u00c0 primeira respondeu o Arcebispo de Braga, insistindo na responsabiliza\u00e7\u00e3o da sociedade: \u201cO Estado n\u00e3o deve preceder a sociedade; deve acompanh\u00e1-la. Temos de ousar anunciar os deveres da sociedade solid\u00e1ria. As sociedades \u00e9 que devem ser capazes de reagir e criar novos paradigmas, devem fazer com que as estruturas in\u00edquas se v\u00e3o desmoronando, criar consci\u00eancia de comunidade. Neste sentido, como diz Bento XVI, a crise \u00e9 uma oportunidade e o contributo que a Igreja pode dar \u00e9 muito grande\u201d.<\/p>\n<p>Mota Soares, em rela\u00e7\u00e3o aos sal\u00e1rios, real\u00e7ou que o governo definiu que, no Estado, o sal\u00e1rio m\u00e1ximo \u00e9 o do primeiro-ministro e que foram extintos mais de mil cargos dirigentes e organismos que toda a gente dizia n\u00e3o ser poss\u00edvel extinguir &#8211; como os governos civis. Em rela\u00e7\u00e3o \u00e0 burocracia das obras, disse que se abandonou algum fundamentalismo na aplica\u00e7\u00e3o da legisla\u00e7\u00e3o (deu como exemplo um lar de idosos em que um andar n\u00e3o tinha utiliza\u00e7\u00e3o por ter tr\u00eas cent\u00edmetros a menos de altura) e confirmou o \u201cdiferimento t\u00e1cito\u201d. Quando uma institui\u00e7\u00e3o social apresenta um projeto de altera\u00e7\u00e3o das suas estruturas f\u00edsicas, se n\u00e3o houver uma resposta dentro de certo per\u00edodo \u00e9 considerado aprovado.<\/p>\n<p>Jorge Sampaio em Estarreja<\/p>\n<p>O pr\u00f3ximo debate integrado na Miss\u00e3o Jubilar ser\u00e1 em Estarreja, no dia 25 de janeiro de 2013. Para falar de ecumenismo (promo\u00e7\u00e3o da unidade entre crist\u00e3os) e di\u00e1logo inter-religioso est\u00e3o confirmadas as presen\u00e7as de D. Ant\u00f3nio Couto, Bispo de Lamego, e Jorge Sampaio, antigo Presidente da Rep\u00fablica.<\/p>\n<p>Jorge Pires Ferreira<\/p>\n","protected":false},"excerpt":{"rendered":"<p>Afirma o Ministro da Solidariedade e da Seguran\u00e7a Social<\/p>\n","protected":false},"author":1,"featured_media":0,"comment_status":"open","ping_status":"open","sticky":false,"template":"","format":"standard","meta":{"footnotes":""},"categories":[38],"tags":[],"class_list":["post-21293","post","type-post","status-publish","format-standard","hentry","category-destaque"],"_links":{"self":[{"href":"https:\/\/sites.ecclesia.pt\/cv\/wp-json\/wp\/v2\/posts\/21293","targetHints":{"allow":["GET"]}}],"collection":[{"href":"https:\/\/sites.ecclesia.pt\/cv\/wp-json\/wp\/v2\/posts"}],"about":[{"href":"https:\/\/sites.ecclesia.pt\/cv\/wp-json\/wp\/v2\/types\/post"}],"author":[{"embeddable":true,"href":"https:\/\/sites.ecclesia.pt\/cv\/wp-json\/wp\/v2\/users\/1"}],"replies":[{"embeddable":true,"href":"https:\/\/sites.ecclesia.pt\/cv\/wp-json\/wp\/v2\/comments?post=21293"}],"version-history":[{"count":0,"href":"https:\/\/sites.ecclesia.pt\/cv\/wp-json\/wp\/v2\/posts\/21293\/revisions"}],"wp:attachment":[{"href":"https:\/\/sites.ecclesia.pt\/cv\/wp-json\/wp\/v2\/media?parent=21293"}],"wp:term":[{"taxonomy":"category","embeddable":true,"href":"https:\/\/sites.ecclesia.pt\/cv\/wp-json\/wp\/v2\/categories?post=21293"},{"taxonomy":"post_tag","embeddable":true,"href":"https:\/\/sites.ecclesia.pt\/cv\/wp-json\/wp\/v2\/tags?post=21293"}],"curies":[{"name":"wp","href":"https:\/\/api.w.org\/{rel}","templated":true}]}}