{"id":21294,"date":"2012-12-05T15:52:00","date_gmt":"2012-12-05T15:52:00","guid":{"rendered":"http:\/\/localhost:81\/wp1\/?p=21294"},"modified":"2012-12-05T15:52:00","modified_gmt":"2012-12-05T15:52:00","slug":"paroquia-da-gloria-celebra-padroeira-com-vigilia-e-concerto","status":"publish","type":"post","link":"https:\/\/sites.ecclesia.pt\/cv\/paroquia-da-gloria-celebra-padroeira-com-vigilia-e-concerto\/","title":{"rendered":"Par\u00f3quia da Gl\u00f3ria celebra padroeira com vig\u00edlia e concerto"},"content":{"rendered":"<p>A par\u00f3quia de Nossa Senhora da Gl\u00f3ria honra a sua padroeira, a Imaculada Concei\u00e7\u00e3o, com uma vig\u00edlia solene e com um concerto de m\u00fasica sacra.<\/p>\n<p>No dia 7, \u00e0s 21h30, na S\u00e9, ter\u00e1 lugar a vig\u00edlia solene em honra de Nossa Senhora na qual se cantar\u00e1 o \u201cAkathistos\u201d, um hino lit\u00fargico que, desde h\u00e1 quinze s\u00e9culos, a Igreja grega canta para celebrar o mist\u00e9rio da M\u00e3e de Deus.<\/p>\n<p>Depois, no dia 8, dia da solenidade da Imaculada Concei\u00e7\u00e3o, haver\u00e1 as habituais missas na S\u00e9, sendo que a das 19h ser\u00e1 presidida por D. Ant\u00f3nio Francisco, no dia em que se assinalam o anivers\u00e1rio da sua tomada de posse como Bispo de Aveiro e os 50 anos do in\u00edcio do m\u00fanus episcopal em Aveiro de D. Manuel de Almeida Trindade.<\/p>\n<p>Ainda no \u00e2mbito da celebra\u00e7\u00e3o da padroeira, no dia 12, a par\u00f3quia promove um concerto que conta com a presen\u00e7a do Coro e Orquestra do Conservat\u00f3rio de M\u00fasica Calouste Gulbenkian. Come\u00e7a \u00e0s 19h e a entrada \u00e9 gratuita.<\/p>\n","protected":false},"excerpt":{"rendered":"<p>A par\u00f3quia de Nossa Senhora da Gl\u00f3ria honra a sua padroeira, a Imaculada Concei\u00e7\u00e3o, com uma vig\u00edlia solene e com um concerto de m\u00fasica sacra. No dia 7, \u00e0s 21h30, na S\u00e9, ter\u00e1 lugar a vig\u00edlia solene em honra de Nossa Senhora na qual se cantar\u00e1 o \u201cAkathistos\u201d, um hino lit\u00fargico que, desde h\u00e1 quinze [&hellip;]<\/p>\n","protected":false},"author":1,"featured_media":0,"comment_status":"open","ping_status":"open","sticky":false,"template":"","format":"standard","meta":{"footnotes":""},"categories":[70],"tags":[],"class_list":["post-21294","post","type-post","status-publish","format-standard","hentry","category-diocese"],"_links":{"self":[{"href":"https:\/\/sites.ecclesia.pt\/cv\/wp-json\/wp\/v2\/posts\/21294","targetHints":{"allow":["GET"]}}],"collection":[{"href":"https:\/\/sites.ecclesia.pt\/cv\/wp-json\/wp\/v2\/posts"}],"about":[{"href":"https:\/\/sites.ecclesia.pt\/cv\/wp-json\/wp\/v2\/types\/post"}],"author":[{"embeddable":true,"href":"https:\/\/sites.ecclesia.pt\/cv\/wp-json\/wp\/v2\/users\/1"}],"replies":[{"embeddable":true,"href":"https:\/\/sites.ecclesia.pt\/cv\/wp-json\/wp\/v2\/comments?post=21294"}],"version-history":[{"count":0,"href":"https:\/\/sites.ecclesia.pt\/cv\/wp-json\/wp\/v2\/posts\/21294\/revisions"}],"wp:attachment":[{"href":"https:\/\/sites.ecclesia.pt\/cv\/wp-json\/wp\/v2\/media?parent=21294"}],"wp:term":[{"taxonomy":"category","embeddable":true,"href":"https:\/\/sites.ecclesia.pt\/cv\/wp-json\/wp\/v2\/categories?post=21294"},{"taxonomy":"post_tag","embeddable":true,"href":"https:\/\/sites.ecclesia.pt\/cv\/wp-json\/wp\/v2\/tags?post=21294"}],"curies":[{"name":"wp","href":"https:\/\/api.w.org\/{rel}","templated":true}]}}