{"id":21295,"date":"2012-12-05T15:53:00","date_gmt":"2012-12-05T15:53:00","guid":{"rendered":"http:\/\/localhost:81\/wp1\/?p=21295"},"modified":"2012-12-05T15:53:00","modified_gmt":"2012-12-05T15:53:00","slug":"bispo-de-aveiro-147","status":"publish","type":"post","link":"https:\/\/sites.ecclesia.pt\/cv\/bispo-de-aveiro-147\/","title":{"rendered":"Bispo de Aveiro"},"content":{"rendered":"<p>Dia 29 de novembro: D. Ant\u00f3nio Francisco participou na reuni\u00e3o arciprestal de pastoral de \u00c1gueda.<\/p>\n<p>Dia 30: Participou na confer\u00eancia \u201cA\u00e7\u00e3o social &#8211; protagonistas\u201d, em Vagos.<\/p>\n<p>Dia 1 de dezembro: Celebrou a Eucaristia na Funda\u00e7\u00e3o C\u00f3nego Filipe Figueiredo, em Estarreja; celebrou a Eucaristia em \u00cdlhavo.<\/p>\n<p>Dia 2: Celebrou a Eucaristia e o sacramento do Crisma em Avanca; celebrou a Eucaristia de apresenta\u00e7\u00e3o dos candidatos ao diaconado permanente na S\u00e9 de Aveiro; participou na clausura do curso de cristandade de homens.<\/p>\n<p>Dia 3: Participou na reuni\u00e3o de clero de Sever do Vouga.<\/p>\n<p>Dia 5: Participou na recole\u00e7\u00e3o de Advento do clero; participou no jantar de Natal do Tempo Novo.<\/p>\n<p>Dia 6: Reunir\u00e1 com os crismandos da par\u00f3quia do Monte.<\/p>\n<p>Dia 7: Participar\u00e1 no jantar dos sem-abrigo nas Florinhas do Vouga.<\/p>\n<p>Dia 8: Celebrar\u00e1 a Eucaristia no Carmelo de Aveiro; celebrar\u00e1 a Eucaristia na S\u00e9 de Aveiro.<\/p>\n<p>Dia 9: Celebrar\u00e1 a Eucaristia e o sacramento do crisma na par\u00f3quia do Monte; participar\u00e1 na clausura do cursilho de cristandade para senhoras.<\/p>\n<p>Dia 10: Reunir\u00e1 com os bispos do Centro em Viseu.<\/p>\n<p>Dia 11: Reunir\u00e1 com o Conselho Permanente da Confer\u00eancia Episcopal Portuguesa; celebrar\u00e1 a Eucaristia na S\u00e9, no dia da restaura\u00e7\u00e3o da Diocese (74.\u00ba anivers\u00e1rio).<\/p>\n","protected":false},"excerpt":{"rendered":"<p>Dia 29 de novembro: D. Ant\u00f3nio Francisco participou na reuni\u00e3o arciprestal de pastoral de \u00c1gueda. Dia 30: Participou na confer\u00eancia \u201cA\u00e7\u00e3o social &#8211; protagonistas\u201d, em Vagos. Dia 1 de dezembro: Celebrou a Eucaristia na Funda\u00e7\u00e3o C\u00f3nego Filipe Figueiredo, em Estarreja; celebrou a Eucaristia em \u00cdlhavo. Dia 2: Celebrou a Eucaristia e o sacramento do Crisma [&hellip;]<\/p>\n","protected":false},"author":1,"featured_media":0,"comment_status":"open","ping_status":"open","sticky":false,"template":"","format":"standard","meta":{"footnotes":""},"categories":[70],"tags":[],"class_list":["post-21295","post","type-post","status-publish","format-standard","hentry","category-diocese"],"_links":{"self":[{"href":"https:\/\/sites.ecclesia.pt\/cv\/wp-json\/wp\/v2\/posts\/21295","targetHints":{"allow":["GET"]}}],"collection":[{"href":"https:\/\/sites.ecclesia.pt\/cv\/wp-json\/wp\/v2\/posts"}],"about":[{"href":"https:\/\/sites.ecclesia.pt\/cv\/wp-json\/wp\/v2\/types\/post"}],"author":[{"embeddable":true,"href":"https:\/\/sites.ecclesia.pt\/cv\/wp-json\/wp\/v2\/users\/1"}],"replies":[{"embeddable":true,"href":"https:\/\/sites.ecclesia.pt\/cv\/wp-json\/wp\/v2\/comments?post=21295"}],"version-history":[{"count":0,"href":"https:\/\/sites.ecclesia.pt\/cv\/wp-json\/wp\/v2\/posts\/21295\/revisions"}],"wp:attachment":[{"href":"https:\/\/sites.ecclesia.pt\/cv\/wp-json\/wp\/v2\/media?parent=21295"}],"wp:term":[{"taxonomy":"category","embeddable":true,"href":"https:\/\/sites.ecclesia.pt\/cv\/wp-json\/wp\/v2\/categories?post=21295"},{"taxonomy":"post_tag","embeddable":true,"href":"https:\/\/sites.ecclesia.pt\/cv\/wp-json\/wp\/v2\/tags?post=21295"}],"curies":[{"name":"wp","href":"https:\/\/api.w.org\/{rel}","templated":true}]}}