{"id":21296,"date":"2012-12-05T15:55:00","date_gmt":"2012-12-05T15:55:00","guid":{"rendered":"http:\/\/localhost:81\/wp1\/?p=21296"},"modified":"2012-12-05T15:55:00","modified_gmt":"2012-12-05T15:55:00","slug":"novo-altar-nos-quatrocentos-anos-da-igreja-de-veiros","status":"publish","type":"post","link":"https:\/\/sites.ecclesia.pt\/cv\/novo-altar-nos-quatrocentos-anos-da-igreja-de-veiros\/","title":{"rendered":"Novo altar nos quatrocentos anos da igreja de Veiros"},"content":{"rendered":"<p>A par\u00f3quia de Veiros encerra no dia 16 de dezembro as comemora\u00e7\u00f5es dos quatrocentos anos da constru\u00e7\u00e3o da igreja paroquial, dedicada a S. Bartolomeu. Neste dia, na Eucaristia das 11h, presidida pelo Bispo de Aveiro, ser\u00e1 aben\u00e7oado o novo altar. \u00c0 tarde, pelas 15h30, um concerto da Orquestra Clube Cultural e Desportivo de Veiros encerra os quatro anos de comemora\u00e7\u00f5es. A Igreja foi constru\u00edda entre 1608 e 1612, pelo que a comunidade veirense tem vindo a assinalar desde 2008 os quatro centen\u00e1rios do templo.<\/p>\n<p>Esta \u00faltima etapa das comemora\u00e7\u00f5es abre com a proclama\u00e7\u00e3o do hino \u201cAkathistos\u201d, em honra da Virgem, M\u00e3e de Deus, no dia 8, s\u00e1bado, pelas 18h, e prossegue no dia 13, dia preciso do 400.\u00ba anivers\u00e1rio da primeira missa no templo (13-12-1612). Neste dia haver\u00e1 exposi\u00e7\u00e3o do Sant\u00edssimo das 9h \u00e0s 19h, confiss\u00f5es das 16h \u00e0s 20h30 e, pelas 19h, Eucaristia.<\/p>\n","protected":false},"excerpt":{"rendered":"<p>A par\u00f3quia de Veiros encerra no dia 16 de dezembro as comemora\u00e7\u00f5es dos quatrocentos anos da constru\u00e7\u00e3o da igreja paroquial, dedicada a S. Bartolomeu. Neste dia, na Eucaristia das 11h, presidida pelo Bispo de Aveiro, ser\u00e1 aben\u00e7oado o novo altar. \u00c0 tarde, pelas 15h30, um concerto da Orquestra Clube Cultural e Desportivo de Veiros encerra [&hellip;]<\/p>\n","protected":false},"author":1,"featured_media":0,"comment_status":"open","ping_status":"open","sticky":false,"template":"","format":"standard","meta":{"footnotes":""},"categories":[70],"tags":[],"class_list":["post-21296","post","type-post","status-publish","format-standard","hentry","category-diocese"],"_links":{"self":[{"href":"https:\/\/sites.ecclesia.pt\/cv\/wp-json\/wp\/v2\/posts\/21296","targetHints":{"allow":["GET"]}}],"collection":[{"href":"https:\/\/sites.ecclesia.pt\/cv\/wp-json\/wp\/v2\/posts"}],"about":[{"href":"https:\/\/sites.ecclesia.pt\/cv\/wp-json\/wp\/v2\/types\/post"}],"author":[{"embeddable":true,"href":"https:\/\/sites.ecclesia.pt\/cv\/wp-json\/wp\/v2\/users\/1"}],"replies":[{"embeddable":true,"href":"https:\/\/sites.ecclesia.pt\/cv\/wp-json\/wp\/v2\/comments?post=21296"}],"version-history":[{"count":0,"href":"https:\/\/sites.ecclesia.pt\/cv\/wp-json\/wp\/v2\/posts\/21296\/revisions"}],"wp:attachment":[{"href":"https:\/\/sites.ecclesia.pt\/cv\/wp-json\/wp\/v2\/media?parent=21296"}],"wp:term":[{"taxonomy":"category","embeddable":true,"href":"https:\/\/sites.ecclesia.pt\/cv\/wp-json\/wp\/v2\/categories?post=21296"},{"taxonomy":"post_tag","embeddable":true,"href":"https:\/\/sites.ecclesia.pt\/cv\/wp-json\/wp\/v2\/tags?post=21296"}],"curies":[{"name":"wp","href":"https:\/\/api.w.org\/{rel}","templated":true}]}}