{"id":21297,"date":"2012-12-05T15:55:00","date_gmt":"2012-12-05T15:55:00","guid":{"rendered":"http:\/\/localhost:81\/wp1\/?p=21297"},"modified":"2012-12-05T15:55:00","modified_gmt":"2012-12-05T15:55:00","slug":"d-manuel-de-almeida-trindade-evocado-na-misericordia-de-aveiro","status":"publish","type":"post","link":"https:\/\/sites.ecclesia.pt\/cv\/d-manuel-de-almeida-trindade-evocado-na-misericordia-de-aveiro\/","title":{"rendered":"D. Manuel de Almeida Trindade evocado na Miseric\u00f3rdia de Aveiro"},"content":{"rendered":"<p>D. Manuel de Almeida Trindade (1918-2008) vai ser evocado no dia 8 de dezembro, na Miseric\u00f3rdia de Aveiro, nos 50 anos da tomada de posse can\u00f3nica da Diocese de Aveiro, de que foi bispo de 1962 a 1988. A iniciativa parte da C\u00e2mara Municipal, atrav\u00e9s do Museu da Cidade. O programa consiste numa comunica\u00e7\u00e3o do Monsenhor Jo\u00e3o Gaspar, pelas 10h30, seguindo-se a Eucaristia, pelas 11h30, na Igreja da Miseric\u00f3rdia, presidida por P.e Georgino Rocha. Ap\u00f3s a celebra\u00e7\u00e3o, haver\u00e1 um concerto de \u00f3rg\u00e3o pela professora Mar\u00edlia Canhoto.<\/p>\n","protected":false},"excerpt":{"rendered":"<p>D. Manuel de Almeida Trindade (1918-2008) vai ser evocado no dia 8 de dezembro, na Miseric\u00f3rdia de Aveiro, nos 50 anos da tomada de posse can\u00f3nica da Diocese de Aveiro, de que foi bispo de 1962 a 1988. A iniciativa parte da C\u00e2mara Municipal, atrav\u00e9s do Museu da Cidade. O programa consiste numa comunica\u00e7\u00e3o do [&hellip;]<\/p>\n","protected":false},"author":1,"featured_media":0,"comment_status":"open","ping_status":"open","sticky":false,"template":"","format":"standard","meta":{"footnotes":""},"categories":[70],"tags":[],"class_list":["post-21297","post","type-post","status-publish","format-standard","hentry","category-diocese"],"_links":{"self":[{"href":"https:\/\/sites.ecclesia.pt\/cv\/wp-json\/wp\/v2\/posts\/21297","targetHints":{"allow":["GET"]}}],"collection":[{"href":"https:\/\/sites.ecclesia.pt\/cv\/wp-json\/wp\/v2\/posts"}],"about":[{"href":"https:\/\/sites.ecclesia.pt\/cv\/wp-json\/wp\/v2\/types\/post"}],"author":[{"embeddable":true,"href":"https:\/\/sites.ecclesia.pt\/cv\/wp-json\/wp\/v2\/users\/1"}],"replies":[{"embeddable":true,"href":"https:\/\/sites.ecclesia.pt\/cv\/wp-json\/wp\/v2\/comments?post=21297"}],"version-history":[{"count":0,"href":"https:\/\/sites.ecclesia.pt\/cv\/wp-json\/wp\/v2\/posts\/21297\/revisions"}],"wp:attachment":[{"href":"https:\/\/sites.ecclesia.pt\/cv\/wp-json\/wp\/v2\/media?parent=21297"}],"wp:term":[{"taxonomy":"category","embeddable":true,"href":"https:\/\/sites.ecclesia.pt\/cv\/wp-json\/wp\/v2\/categories?post=21297"},{"taxonomy":"post_tag","embeddable":true,"href":"https:\/\/sites.ecclesia.pt\/cv\/wp-json\/wp\/v2\/tags?post=21297"}],"curies":[{"name":"wp","href":"https:\/\/api.w.org\/{rel}","templated":true}]}}