{"id":21298,"date":"2012-12-05T15:56:00","date_gmt":"2012-12-05T15:56:00","guid":{"rendered":"http:\/\/localhost:81\/wp1\/?p=21298"},"modified":"2012-12-05T15:56:00","modified_gmt":"2012-12-05T15:56:00","slug":"d-antonio-francisco-e-bispo-de-aveiro-ha-seis-anos","status":"publish","type":"post","link":"https:\/\/sites.ecclesia.pt\/cv\/d-antonio-francisco-e-bispo-de-aveiro-ha-seis-anos\/","title":{"rendered":"D. Ant\u00f3nio Francisco \u00e9 Bispo de Aveiro h\u00e1 seis anos"},"content":{"rendered":"<p>Assinala-se no dia 8 de dezembro o sexto anivers\u00e1rio da entrada de D. Ant\u00f3nio Francisco na Diocese de Aveiro (08-12-2006). Neste dia, feriado da Imaculada Concei\u00e7\u00e3o, o Bispo de Aveiro, comemorando tamb\u00e9m os 40 anos da sua ordena\u00e7\u00e3o presbiteral (08-12-1972), preside \u00e0 Missa das 19h, na S\u00e9 de Aveiro.<\/p>\n","protected":false},"excerpt":{"rendered":"<p>Assinala-se no dia 8 de dezembro o sexto anivers\u00e1rio da entrada de D. Ant\u00f3nio Francisco na Diocese de Aveiro (08-12-2006). Neste dia, feriado da Imaculada Concei\u00e7\u00e3o, o Bispo de Aveiro, comemorando tamb\u00e9m os 40 anos da sua ordena\u00e7\u00e3o presbiteral (08-12-1972), preside \u00e0 Missa das 19h, na S\u00e9 de Aveiro.<\/p>\n","protected":false},"author":1,"featured_media":0,"comment_status":"open","ping_status":"open","sticky":false,"template":"","format":"standard","meta":{"footnotes":""},"categories":[70],"tags":[],"class_list":["post-21298","post","type-post","status-publish","format-standard","hentry","category-diocese"],"_links":{"self":[{"href":"https:\/\/sites.ecclesia.pt\/cv\/wp-json\/wp\/v2\/posts\/21298","targetHints":{"allow":["GET"]}}],"collection":[{"href":"https:\/\/sites.ecclesia.pt\/cv\/wp-json\/wp\/v2\/posts"}],"about":[{"href":"https:\/\/sites.ecclesia.pt\/cv\/wp-json\/wp\/v2\/types\/post"}],"author":[{"embeddable":true,"href":"https:\/\/sites.ecclesia.pt\/cv\/wp-json\/wp\/v2\/users\/1"}],"replies":[{"embeddable":true,"href":"https:\/\/sites.ecclesia.pt\/cv\/wp-json\/wp\/v2\/comments?post=21298"}],"version-history":[{"count":0,"href":"https:\/\/sites.ecclesia.pt\/cv\/wp-json\/wp\/v2\/posts\/21298\/revisions"}],"wp:attachment":[{"href":"https:\/\/sites.ecclesia.pt\/cv\/wp-json\/wp\/v2\/media?parent=21298"}],"wp:term":[{"taxonomy":"category","embeddable":true,"href":"https:\/\/sites.ecclesia.pt\/cv\/wp-json\/wp\/v2\/categories?post=21298"},{"taxonomy":"post_tag","embeddable":true,"href":"https:\/\/sites.ecclesia.pt\/cv\/wp-json\/wp\/v2\/tags?post=21298"}],"curies":[{"name":"wp","href":"https:\/\/api.w.org\/{rel}","templated":true}]}}