{"id":21299,"date":"2012-12-05T15:57:00","date_gmt":"2012-12-05T15:57:00","guid":{"rendered":"http:\/\/localhost:81\/wp1\/?p=21299"},"modified":"2012-12-05T15:57:00","modified_gmt":"2012-12-05T15:57:00","slug":"reunioes-do-clero-em-dezembro","status":"publish","type":"post","link":"https:\/\/sites.ecclesia.pt\/cv\/reunioes-do-clero-em-dezembro\/","title":{"rendered":"Reuni\u00f5es do Clero em dezembro"},"content":{"rendered":"<p>Arciprestado\t\tDia\tHora\tLocal<\/p>\n<p>\u00c1gueda\t\t\t11\t09h45\tRecard\u00e3es<\/p>\n<p>Albergaria-a-Velha\t06\t 09h30\tCasa Diocesana<\/p>\n<p>Anadia \t\t\t11\t 09h30\tS\u00e3o Louren\u00e7o do Bairro<\/p>\n<p>Aveiro\t \t\t18\t 10h00\tSemin\u00e1rio Dehoniano<\/p>\n<p>Estarreja\/Murtosa\t06\t 09h30\tMonte (Centro Paroq.)<\/p>\n<p>\u00cdlhavo\t\t\t19\t 10h00\tPraia da Barra<\/p>\n<p>Oliveira do Bairro\t19\t 10h00\tSangalhos<\/p>\n<p>Sever do Vouga \t\t03\t 10h00\tCedrim<\/p>\n<p>Vagos\t \t\t10\t 09h30\tCalv\u00e3o (Centro Paroq.)<\/p>\n<p>AGENDA SUGERIDA:<\/p>\n<p>1. Hora interm\u00e9dia, com reflex\u00e3o sobre o evangelho do domingo seguinte<\/p>\n<p>2. Leitura, revis\u00e3o e aprova\u00e7\u00e3o da ata da \u00faltima reuni\u00e3o<\/p>\n<p>3. Pastoral diocesana:<\/p>\n<p>&#8211; Conselho presbiteral &#8211; Avalia\u00e7\u00e3o<\/p>\n<p>&#8211; Miss\u00e3o Jubilar \u2013 Avalia\u00e7\u00e3o <\/p>\n<p>&#8211; Programa agendado da Miss\u00e3o Jubilar (Miss\u00e3o 11 de janeiro \u2013 Catequese \u2013 Concerto do Bunheiro)<\/p>\n<p>&#8211; Informatiza\u00e7\u00e3o das par\u00f3quias<\/p>\n<p>&#8211; Assembleia dos presb\u00edteros<\/p>\n<p>4. Casa Sacerdotal<\/p>\n<p>5. Pastoral arciprestal<\/p>\n<p>6. Outros assuntos<\/p>\n<p>INFORMA\u00c7\u00d5ES<\/p>\n<p>CALEND\u00c1RIO DE ALGUMAS ATIVIDADES:<\/p>\n<p>&#9679; 01-02\/dez. \u2013 Encontro dos candidatos ao Semin\u00e1rio<\/p>\n<p>&#9679; 02\/dez. \u2013 In\u00edcio do Advento<\/p>\n<p>&#9679; 05\/dez. \u2013 Recole\u00e7\u00e3o espiritual do Clero<\/p>\n<p>&#9679; 08-09\/dez. \u2013 Encontro dos pr\u00e9-seminaristas  mais novos<\/p>\n<p>&#9679; 08\/dez. \u2013 Solenidade da Imaculada Concei\u00e7\u00e3o<\/p>\n<p>&#9679; 08\/dez. \u2013 50.\u00ba anivers\u00e1rio do in\u00edcio episcopal de D. Manuel de Almeida Trindade<\/p>\n<p>&#9679; 08\/dez. \u2013 40.\u00ba anivers\u00e1rio da ordena\u00e7\u00e3o presbiteral do nosso Bispo<\/p>\n<p>&#9679; 08\/dez. \u2013 6.\u00ba anivers\u00e1rio do in\u00edcio episcopal de D. Ant\u00f3nio Francisco em Aveiro<\/p>\n<p>&#9679; 11\/dez. \u2013 74.\u00ba anivers\u00e1rio da restaura\u00e7\u00e3o da Diocese de Aveiro<\/p>\n<p>&#9679; 25\/dez. \u2013 Solenidade do Natal do Senhor<\/p>\n<p>&#9679; 27\/dez. \u2013 Assembleia dos presb\u00edteros.<\/p>\n","protected":false},"excerpt":{"rendered":"<p>Arciprestado Dia Hora Local \u00c1gueda 11 09h45 Recard\u00e3es Albergaria-a-Velha 06 09h30 Casa Diocesana Anadia 11 09h30 S\u00e3o Louren\u00e7o do Bairro Aveiro 18 10h00 Semin\u00e1rio Dehoniano Estarreja\/Murtosa 06 09h30 Monte (Centro Paroq.) \u00cdlhavo 19 10h00 Praia da Barra Oliveira do Bairro 19 10h00 Sangalhos Sever do Vouga 03 10h00 Cedrim Vagos 10 09h30 Calv\u00e3o (Centro Paroq.) [&hellip;]<\/p>\n","protected":false},"author":1,"featured_media":0,"comment_status":"open","ping_status":"open","sticky":false,"template":"","format":"standard","meta":{"footnotes":""},"categories":[70],"tags":[],"class_list":["post-21299","post","type-post","status-publish","format-standard","hentry","category-diocese"],"_links":{"self":[{"href":"https:\/\/sites.ecclesia.pt\/cv\/wp-json\/wp\/v2\/posts\/21299","targetHints":{"allow":["GET"]}}],"collection":[{"href":"https:\/\/sites.ecclesia.pt\/cv\/wp-json\/wp\/v2\/posts"}],"about":[{"href":"https:\/\/sites.ecclesia.pt\/cv\/wp-json\/wp\/v2\/types\/post"}],"author":[{"embeddable":true,"href":"https:\/\/sites.ecclesia.pt\/cv\/wp-json\/wp\/v2\/users\/1"}],"replies":[{"embeddable":true,"href":"https:\/\/sites.ecclesia.pt\/cv\/wp-json\/wp\/v2\/comments?post=21299"}],"version-history":[{"count":0,"href":"https:\/\/sites.ecclesia.pt\/cv\/wp-json\/wp\/v2\/posts\/21299\/revisions"}],"wp:attachment":[{"href":"https:\/\/sites.ecclesia.pt\/cv\/wp-json\/wp\/v2\/media?parent=21299"}],"wp:term":[{"taxonomy":"category","embeddable":true,"href":"https:\/\/sites.ecclesia.pt\/cv\/wp-json\/wp\/v2\/categories?post=21299"},{"taxonomy":"post_tag","embeddable":true,"href":"https:\/\/sites.ecclesia.pt\/cv\/wp-json\/wp\/v2\/tags?post=21299"}],"curies":[{"name":"wp","href":"https:\/\/api.w.org\/{rel}","templated":true}]}}