{"id":21310,"date":"2012-12-05T16:29:00","date_gmt":"2012-12-05T16:29:00","guid":{"rendered":"http:\/\/localhost:81\/wp1\/?p=21310"},"modified":"2012-12-05T16:29:00","modified_gmt":"2012-12-05T16:29:00","slug":"youcat-mais-um-tesouro-acessivel-a-todos","status":"publish","type":"post","link":"https:\/\/sites.ecclesia.pt\/cv\/youcat-mais-um-tesouro-acessivel-a-todos\/","title":{"rendered":"&#8220;YOUCAT&#8221;: Mais um tesouro acess\u00edvel a todos"},"content":{"rendered":"<p>A marca YOUCAT j\u00e1 nos ofereceu: primeiramente, com tradu\u00e7\u00e3o (e incultura\u00e7\u00e3o nas fotos\u2026) em portugu\u00eas, o (1.\u00ba) \u201cCatecismo Jovem da Igreja Cat\u00f3lica\u201d, de capa amarela, baseado no \u201cCatecismo da Igreja Cat\u00f3lica\u201d, est\u00e1 \u201cescrito por e para jovens\u201d, com o posf\u00e1cio de D. Jos\u00e9 Policarpo; posteriormente, a (2.\u00ba) \u201cAgenda 2013\u201d, de capa verde, organizada por Norbert Fink; tamb\u00e9m uma iniciativa n\u00e3o original, mas de excelente qualidade; oferece-nos, entretanto, mais um excelente livro, (3.\u00ba) \u201cOra\u00e7\u00f5es para os jovens\u201d, de capa cinza, organizado por Georg von Lengerke e D\u00f6rte Schr\u00f6mges.<\/p>\n<p>Sempre o mesmo cuidado posto na riqueza do conte\u00fado e na apresenta\u00e7\u00e3o gr\u00e1fica. Quanto ao catecismo jovem, na embalagem das Jornadas Mundiais da Juventude (JMJ), est\u00e1vamos diante do esfor\u00e7o de \u00abapenas\u00bb traduzir a \u201clinguagem da doutrina\u201d na \u201clinguagem encarnada no quotidiano\u201d (jovem e n\u00e3o s\u00f3); na agenda, o desafio a ganhar era tornar um \u201cproduto de consumo\u201d, a exig\u00eancia da vida moderna em \u201cagendar\u201d o tempo de trabalho e lazer, numa oportunidade de integrar a riqueza da viv\u00eancia do tempo ao sabor do ano lit\u00fargico. E agora mais um desafio superado, ao entrar na riqueza espiritual e na tradi\u00e7\u00e3o orante, da Igreja Cat\u00f3lica atrav\u00e9s s\u00e9culos pela elabora\u00e7\u00e3o dum livro, uma compila\u00e7\u00e3o-subs\u00eddio (esp\u00e9cie de antologia de bolso\u2026 brevi\u00e1rio de bolso\u2026), servindo-nos um banquete de riqueza espiritual inquestion\u00e1vel. Basta experimentar e rezar as propostas feitas, atrav\u00e9s duma \u00abutiliza\u00e7\u00e3o\u00bb em multiusos!<\/p>\n<p>\u00c9 sobre este terceiro \u201cproduto\u201d da marca YOUCAT (outros j\u00e1 existem em l\u00edngua estrangeira basta consultar a net\u2026), que queremos apresentar de modo breve, para elogiar, e por isso, vivamente, recomendar. Na p\u00e1gina 8, os organizadores \u2013 Georg von Lengerke, sacerdote, com vinte ora\u00e7\u00f5es na obra, cfr. \u00edndice onom\u00e1stico, p. 169 e D\u00f6rte Schr\u00f6mges, pedagoga social, com oito ora\u00e7\u00f5es na obra, cfr. \u00edndice onom\u00e1stico, p. 168 \u2013, dizem-nos quase tudo e dizem muito bem:<\/p>\n<p>\u201cEste livro dever\u00e1 ser uma ajuda para o caminho de ora\u00e7\u00e3o de amizade com Deus. Est\u00e3o aqui compiladas ora\u00e7\u00f5es antigas e novas para bons e maus dias e noites. Encontras ora\u00e7\u00f5es da Sagrada Escritura, de pessoas tementes a Deus cujo nome ficou na Hist\u00f3ria e de pessoas da atualidade. Este livro divide-se em duas partes. A primeira parte consiste num ritmo de ora\u00e7\u00e3o, tendo ora\u00e7\u00f5es para rezar de manh\u00e3 e para rezar \u00e0 noite para cada dia, durante duas semanas. Os dias da primeira semana s\u00e3o sobre temas da nossa vida com Deus, os da segunda semana sobre temas da vida de Deus connosco. A segunda parte \u00e9 uma compila\u00e7\u00e3o de ora\u00e7\u00f5es sobre v\u00e1rios temas e adequadas a v\u00e1rias inten\u00e7\u00f5es\u201d (p. 8).<\/p>\n<p>Sabemos da import\u00e2ncia de rezar bem para todo o crist\u00e3o. Rezar bem em qualidade e quantidade. Esta obra ensina, fortalece e faz amar mais e melhor o tempo que oferecemos \u00e0 ora\u00e7\u00e3o pessoal e comunit\u00e1ria. Um livro a ter entre m\u00e3os para todos os momentos de ora\u00e7\u00e3o! Para mais informa\u00e7\u00e3o: www.youcat.org\/pt\/home.html.<\/p>\n<p>Pedro Jos\u00e9<\/p>\n","protected":false},"excerpt":{"rendered":"<p>A marca YOUCAT j\u00e1 nos ofereceu: primeiramente, com tradu\u00e7\u00e3o (e incultura\u00e7\u00e3o nas fotos\u2026) em portugu\u00eas, o (1.\u00ba) \u201cCatecismo Jovem da Igreja Cat\u00f3lica\u201d, de capa amarela, baseado no \u201cCatecismo da Igreja Cat\u00f3lica\u201d, est\u00e1 \u201cescrito por e para jovens\u201d, com o posf\u00e1cio de D. Jos\u00e9 Policarpo; posteriormente, a (2.\u00ba) \u201cAgenda 2013\u201d, de capa verde, organizada por Norbert [&hellip;]<\/p>\n","protected":false},"author":1,"featured_media":0,"comment_status":"open","ping_status":"open","sticky":false,"template":"","format":"standard","meta":{"footnotes":""},"categories":[54],"tags":[],"class_list":["post-21310","post","type-post","status-publish","format-standard","hentry","category-livros-e-multimedia"],"_links":{"self":[{"href":"https:\/\/sites.ecclesia.pt\/cv\/wp-json\/wp\/v2\/posts\/21310","targetHints":{"allow":["GET"]}}],"collection":[{"href":"https:\/\/sites.ecclesia.pt\/cv\/wp-json\/wp\/v2\/posts"}],"about":[{"href":"https:\/\/sites.ecclesia.pt\/cv\/wp-json\/wp\/v2\/types\/post"}],"author":[{"embeddable":true,"href":"https:\/\/sites.ecclesia.pt\/cv\/wp-json\/wp\/v2\/users\/1"}],"replies":[{"embeddable":true,"href":"https:\/\/sites.ecclesia.pt\/cv\/wp-json\/wp\/v2\/comments?post=21310"}],"version-history":[{"count":0,"href":"https:\/\/sites.ecclesia.pt\/cv\/wp-json\/wp\/v2\/posts\/21310\/revisions"}],"wp:attachment":[{"href":"https:\/\/sites.ecclesia.pt\/cv\/wp-json\/wp\/v2\/media?parent=21310"}],"wp:term":[{"taxonomy":"category","embeddable":true,"href":"https:\/\/sites.ecclesia.pt\/cv\/wp-json\/wp\/v2\/categories?post=21310"},{"taxonomy":"post_tag","embeddable":true,"href":"https:\/\/sites.ecclesia.pt\/cv\/wp-json\/wp\/v2\/tags?post=21310"}],"curies":[{"name":"wp","href":"https:\/\/api.w.org\/{rel}","templated":true}]}}