{"id":21311,"date":"2012-12-05T16:30:00","date_gmt":"2012-12-05T16:30:00","guid":{"rendered":"http:\/\/localhost:81\/wp1\/?p=21311"},"modified":"2012-12-05T16:30:00","modified_gmt":"2012-12-05T16:30:00","slug":"cinco-sugestoes-para-viver-o-advento-naem-rede","status":"publish","type":"post","link":"https:\/\/sites.ecclesia.pt\/cv\/cinco-sugestoes-para-viver-o-advento-naem-rede\/","title":{"rendered":"Cinco sugest\u00f5es para viver o advento na\/em rede"},"content":{"rendered":"<p>http:\/\/www.facebook.com\/edicoesalesianas <!--more--> No passado domingo, dia 2 de dezembro principiamos um novo ano lit\u00fargico e com ele deu-se in\u00edcio ao tempo de prepara\u00e7\u00e3o para o Natal, que denominamos de Advento. Esta palavra no \u201cmundo antigo indicava a visita do rei ou do imperador a uma prov\u00edncia; na linguagem crist\u00e3 refere-se \u00e0 vinda de Deus, \u00e0 sua presen\u00e7a no mundo\u201d, afirma Bento XVI.<\/p>\n<p>O evangelho do domingo passado lembrava-nos que deveremos vigiar e orar em todo o tempo, para estarmos preparados para o Senhor, que vem como Salvador. Como forma de nos dispormos para essa segunda vinda, esta semana apresentamos algumas propostas (escritas em portugu\u00eas) pensadas para quem, como tantos de n\u00f3s, utiliza os meios tecnol\u00f3gicos para rezar e meditar.<\/p>\n<p>A primeira sugest\u00e3o passa pelo s\u00edtio dos Franciscanos Capuchinhos, dispon\u00edvel em http:\/\/www.capuchinhos.org. No espa\u00e7o intitulado \u201cdo Advento ao Natal\u201d v\u00e3o ser disponibilizados ao longo destas semanas \u201cdiversos artigos e materiais para ajudar os crist\u00e3os a melhor preparar e viver o tempo do Advento e Natal\u201d.<\/p>\n<p>A nossa segunda proposta passa pela p\u00e1gina no facebook das edi\u00e7\u00f5es Salesianas (http:\/\/www.facebook.com\/edicoesalesianas). A\u00ed, diariamente, ser\u00e3o colocadas imagens com uma frase b\u00edblica que nos ajudaram a refletir melhor.<\/p>\n<p>A terceira inspira\u00e7\u00e3o vai para o recentemente criado iMissio (http:\/\/imissio.wordpress.com). Da autoria do professor de EMRC Bento Oliveira, \u00e9 um nome inspirado no ingl\u00eas \u201cI miss you\u201d [\u201cSinto a tua falta\u201d] e pretende ser um espa\u00e7o \u201conde em rede construiremos recursos para a rede\u201d. Concretamente, neste tempo lit\u00fargico, iniciou-se uma caminhada de Advento onde v\u00e1rias pessoas ao longo deste per\u00edodo v\u00e3o propondo formas de reflex\u00e3o di\u00e1ria. <\/p>\n<p>O quarto ambiente que propomos foi inaugurado por ocasi\u00e3o da abertura do Ano da F\u00e9, proclamado por Bento XVI e \u00e9 da responsabilidade das par\u00f3quias arciprestado de Braga. O espa\u00e7o www.laboratoriodafe.net prop\u00f5e um Advento \u201csob o signo da alegria, da esperan\u00e7a e da f\u00e9\u201d. <\/p>\n<p>Por \u00faltimo, no s\u00edtio do Vaticano, na op\u00e7\u00e3o Advento 2012, s\u00e3o disponibilizados um conjunto de recursos multim\u00e9dia diretamente relacionados com as celebra\u00e7\u00f5es inseridas neste tempo de Advento, como que se de um reposit\u00f3rio se tratasse.<\/p>\n<p>Fica ent\u00e3o a proposta de caminhada de Advento preparando o nascimento daquele que se fez menino como um de n\u00f3s, para n\u00f3s. S\u00e3o v\u00e1rios os espa\u00e7os mas o objetivo \u00e9 comum.<\/p>\n<p>Fernando Cassola Marques<\/p>\n","protected":false},"excerpt":{"rendered":"<p>http:\/\/www.facebook.com\/edicoesalesianas<\/p>\n","protected":false},"author":1,"featured_media":0,"comment_status":"open","ping_status":"open","sticky":false,"template":"","format":"standard","meta":{"footnotes":""},"categories":[54],"tags":[],"class_list":["post-21311","post","type-post","status-publish","format-standard","hentry","category-livros-e-multimedia"],"_links":{"self":[{"href":"https:\/\/sites.ecclesia.pt\/cv\/wp-json\/wp\/v2\/posts\/21311","targetHints":{"allow":["GET"]}}],"collection":[{"href":"https:\/\/sites.ecclesia.pt\/cv\/wp-json\/wp\/v2\/posts"}],"about":[{"href":"https:\/\/sites.ecclesia.pt\/cv\/wp-json\/wp\/v2\/types\/post"}],"author":[{"embeddable":true,"href":"https:\/\/sites.ecclesia.pt\/cv\/wp-json\/wp\/v2\/users\/1"}],"replies":[{"embeddable":true,"href":"https:\/\/sites.ecclesia.pt\/cv\/wp-json\/wp\/v2\/comments?post=21311"}],"version-history":[{"count":0,"href":"https:\/\/sites.ecclesia.pt\/cv\/wp-json\/wp\/v2\/posts\/21311\/revisions"}],"wp:attachment":[{"href":"https:\/\/sites.ecclesia.pt\/cv\/wp-json\/wp\/v2\/media?parent=21311"}],"wp:term":[{"taxonomy":"category","embeddable":true,"href":"https:\/\/sites.ecclesia.pt\/cv\/wp-json\/wp\/v2\/categories?post=21311"},{"taxonomy":"post_tag","embeddable":true,"href":"https:\/\/sites.ecclesia.pt\/cv\/wp-json\/wp\/v2\/tags?post=21311"}],"curies":[{"name":"wp","href":"https:\/\/api.w.org\/{rel}","templated":true}]}}