{"id":21323,"date":"2012-11-14T15:41:00","date_gmt":"2012-11-14T15:41:00","guid":{"rendered":"http:\/\/localhost:81\/wp1\/?p=21323"},"modified":"2012-11-14T15:41:00","modified_gmt":"2012-11-14T15:41:00","slug":"rostos-palavras-75","status":"publish","type":"post","link":"https:\/\/sites.ecclesia.pt\/cv\/rostos-palavras-75\/","title":{"rendered":"Rostos &#038; Palavras"},"content":{"rendered":"<p>\u201cGostaria de convidar e marcar encontro com todos quantos se preocupam com as quest\u00f5es humanas. N\u00e3o tenho direito nem autoridade para motivar a presen\u00e7a. S\u00f3 me considero um apaixonado pela vida e gostaria que muitos outros aceitassem esta experi\u00eancia\u201d.<\/p>\n<p>D. Jorge Ortiga, convidando para a sess\u00e3o do \u00c1trio dos Gentios, que vai decorrer em Braga e Guimar\u00e3es, nos dias 16 e 17 de novembro, tendo como tema \u201cO Valor da Vida\u201d.<\/p>\n","protected":false},"excerpt":{"rendered":"<p>\u201cGostaria de convidar e marcar encontro com todos quantos se preocupam com as quest\u00f5es humanas. N\u00e3o tenho direito nem autoridade para motivar a presen\u00e7a. S\u00f3 me considero um apaixonado pela vida e gostaria que muitos outros aceitassem esta experi\u00eancia\u201d. D. Jorge Ortiga, convidando para a sess\u00e3o do \u00c1trio dos Gentios, que vai decorrer em Braga [&hellip;]<\/p>\n","protected":false},"author":1,"featured_media":0,"comment_status":"open","ping_status":"open","sticky":false,"template":"","format":"standard","meta":{"footnotes":""},"categories":[53],"tags":[],"class_list":["post-21323","post","type-post","status-publish","format-standard","hentry","category-igreja-em-portugal"],"_links":{"self":[{"href":"https:\/\/sites.ecclesia.pt\/cv\/wp-json\/wp\/v2\/posts\/21323","targetHints":{"allow":["GET"]}}],"collection":[{"href":"https:\/\/sites.ecclesia.pt\/cv\/wp-json\/wp\/v2\/posts"}],"about":[{"href":"https:\/\/sites.ecclesia.pt\/cv\/wp-json\/wp\/v2\/types\/post"}],"author":[{"embeddable":true,"href":"https:\/\/sites.ecclesia.pt\/cv\/wp-json\/wp\/v2\/users\/1"}],"replies":[{"embeddable":true,"href":"https:\/\/sites.ecclesia.pt\/cv\/wp-json\/wp\/v2\/comments?post=21323"}],"version-history":[{"count":0,"href":"https:\/\/sites.ecclesia.pt\/cv\/wp-json\/wp\/v2\/posts\/21323\/revisions"}],"wp:attachment":[{"href":"https:\/\/sites.ecclesia.pt\/cv\/wp-json\/wp\/v2\/media?parent=21323"}],"wp:term":[{"taxonomy":"category","embeddable":true,"href":"https:\/\/sites.ecclesia.pt\/cv\/wp-json\/wp\/v2\/categories?post=21323"},{"taxonomy":"post_tag","embeddable":true,"href":"https:\/\/sites.ecclesia.pt\/cv\/wp-json\/wp\/v2\/tags?post=21323"}],"curies":[{"name":"wp","href":"https:\/\/api.w.org\/{rel}","templated":true}]}}