{"id":21344,"date":"2012-12-12T11:54:00","date_gmt":"2012-12-12T11:54:00","guid":{"rendered":"http:\/\/localhost:81\/wp1\/?p=21344"},"modified":"2012-12-12T11:54:00","modified_gmt":"2012-12-12T11:54:00","slug":"12-de-dezembro-na-historia-de-aveiro","status":"publish","type":"post","link":"https:\/\/sites.ecclesia.pt\/cv\/12-de-dezembro-na-historia-de-aveiro\/","title":{"rendered":"12 de dezembro na hist\u00f3ria de Aveiro"},"content":{"rendered":"<p>1423 \u2014 El-Rei D. Jo\u00e3o I passou carta de doa\u00e7\u00e3o de umas casas em Aveiro, situadas na antiqu\u00edssima Rua Direita.<\/p>\n<p>1605 \u2014 Foi batizado, na matriz de S. Miguel, o Padre Ant\u00f3nio Correia, jesu\u00edta aveirense, que viria a exercer o apostolado crist\u00e3o no Oriente e no Tibete.<\/p>\n<p>1678 \u2014 Por um alvar\u00e1 ou padr\u00e3o desta data, foi concedido ao ilustre aveirense Padre Sebasti\u00e3o Pacheco Varela, \u00abpessoa de grande esfera e raro talento\u00bb, o grau de cavaleiro da Ordem de Cristo.<\/p>\n<p>1726 \u2014 Foi passado alvar\u00e1 de mantimentos a quatro remeiros que trabalhavam no barco em que o guarda-mor do sal da vila de Aveiro andava vigiando os descaminhos que poderia haver.<\/p>\n<p>1835 \u2014 Fez-se o primeiro enterramento no cemit\u00e9rio p\u00fablico de Aveiro, apesar de ainda n\u00e3o estar benzido e mesmo mal preparado; procedeu-se \u00e0 sepultura do cad\u00e1ver de Francisco de Almeida, carpinteiro que fora morador na Rua do Esp\u00edrito Santo \u2013 atual Rua de E\u00e7a de Queir\u00f3s. Antes da inuma\u00e7\u00e3o, o povo amotinou-se e, atendendo \u00e0 vontade da fam\u00edlia do defunto, chegou a abrir sepulturas em duas igrejas&#8230; mas a autoridade imp\u00f4s-se.<\/p>\n<p>1844 \u2014 Em sess\u00e3o ordin\u00e1ria, a Junta Geral do Distrito de Aveiro aprovou um novo \u00abRegulamento dos Expostos do Districto Administrativo d\u2019Aveiro\u00bb \u2013 que foi impresso \u2013 revogando as disposi\u00e7\u00f5es de 11 de Setembro de 1840.<\/p>\n<p>1875 \u2014 Faleceu em Aveiro, na Rua do Carmo, D. Leoc\u00e1dia Rodrigues Pinto de Magalh\u00e3es Lima, natural do Rio de Janeiro, esposa de Sebasti\u00e3o de Carvalho e Lima e m\u00e3e do Dr. Sebasti\u00e3o de Magalh\u00e3es Lima e do Dr. Jaime de Magalh\u00e3es Lima.<\/p>\n<p>1893 \u2014 Realizou-se no Teatro Aveirense uma reuni\u00e3o, muito concorrida e animada, para se resolver sobre a funda\u00e7\u00e3o de um gin\u00e1sio-clube, nesta cidade.<\/p>\n<p>1940 \u2014 Por novos estatutos, nesta data aprovados, a Associa\u00e7\u00e3o Comercial e Industrial de Aveiro passou a chamar-se Gr\u00e9mio do Com\u00e9rcio de Aveiro \u2013 designa\u00e7\u00e3o que perdurou durante a vig\u00eancia do Governo do \u00abEstado Novo\u00bb.<\/p>\n<p>1959 \u2014 Para comemorar o 50.\u00b0 anivers\u00e1rio da sua ordena\u00e7\u00e3o episcopal, ocorrido em 29 de junho passado, a Diocese de Aveiro prestou homenagem p\u00f3stuma ao arcebispo-bispo D. Jo\u00e3o Evangelista de Lima Vidal; as comemora\u00e7\u00f5es prosseguiram no dia seguinte.<\/p>\n<p>1985 \u2014 Em Eixo, na Costa de Arribas, foi descoberto um forno cer\u00e2mico que se identificou como sendo da \u00e9poca suevo-visig\u00f3tica, ou seja, dos s\u00e9culos VI-VIII da nossa era.<\/p>\n<p>Fonte: \u201cCalend\u00e1rio Hist\u00f3rico de Aveiro\u201d, <\/p>\n<p>de Ant\u00f3nio Christo e Jo\u00e3o Gon\u00e7alves Gaspar.<\/p>\n","protected":false},"excerpt":{"rendered":"<p>1423 \u2014 El-Rei D. Jo\u00e3o I passou carta de doa\u00e7\u00e3o de umas casas em Aveiro, situadas na antiqu\u00edssima Rua Direita. 1605 \u2014 Foi batizado, na matriz de S. Miguel, o Padre Ant\u00f3nio Correia, jesu\u00edta aveirense, que viria a exercer o apostolado crist\u00e3o no Oriente e no Tibete. 1678 \u2014 Por um alvar\u00e1 ou padr\u00e3o desta [&hellip;]<\/p>\n","protected":false},"author":1,"featured_media":0,"comment_status":"open","ping_status":"open","sticky":false,"template":"","format":"standard","meta":{"footnotes":""},"categories":[56],"tags":[],"class_list":["post-21344","post","type-post","status-publish","format-standard","hentry","category-almanaque"],"_links":{"self":[{"href":"https:\/\/sites.ecclesia.pt\/cv\/wp-json\/wp\/v2\/posts\/21344","targetHints":{"allow":["GET"]}}],"collection":[{"href":"https:\/\/sites.ecclesia.pt\/cv\/wp-json\/wp\/v2\/posts"}],"about":[{"href":"https:\/\/sites.ecclesia.pt\/cv\/wp-json\/wp\/v2\/types\/post"}],"author":[{"embeddable":true,"href":"https:\/\/sites.ecclesia.pt\/cv\/wp-json\/wp\/v2\/users\/1"}],"replies":[{"embeddable":true,"href":"https:\/\/sites.ecclesia.pt\/cv\/wp-json\/wp\/v2\/comments?post=21344"}],"version-history":[{"count":0,"href":"https:\/\/sites.ecclesia.pt\/cv\/wp-json\/wp\/v2\/posts\/21344\/revisions"}],"wp:attachment":[{"href":"https:\/\/sites.ecclesia.pt\/cv\/wp-json\/wp\/v2\/media?parent=21344"}],"wp:term":[{"taxonomy":"category","embeddable":true,"href":"https:\/\/sites.ecclesia.pt\/cv\/wp-json\/wp\/v2\/categories?post=21344"},{"taxonomy":"post_tag","embeddable":true,"href":"https:\/\/sites.ecclesia.pt\/cv\/wp-json\/wp\/v2\/tags?post=21344"}],"curies":[{"name":"wp","href":"https:\/\/api.w.org\/{rel}","templated":true}]}}