{"id":21348,"date":"2012-12-12T12:04:00","date_gmt":"2012-12-12T12:04:00","guid":{"rendered":"http:\/\/localhost:81\/wp1\/?p=21348"},"modified":"2012-12-12T12:04:00","modified_gmt":"2012-12-12T12:04:00","slug":"domingo-iii-do-advento-ano-c","status":"publish","type":"post","link":"https:\/\/sites.ecclesia.pt\/cv\/domingo-iii-do-advento-ano-c\/","title":{"rendered":"Domingo III do Advento &#8211; Ano C"},"content":{"rendered":"<p>Leituras Dominicais <!--more--> 1.\u00aa LEITURA Sof 3, 14-18a<\/p>\n<p>\u00abO Senhor exulta de alegria <\/p>\n<p>por tua causa\u00bb<\/p>\n<p>Clama jubilosamente, filha de Si\u00e3o; solta brados de alegria, Israel. Exulta, rejubila de todo o cora\u00e7\u00e3o, filha de Jerusal\u00e9m. O Senhor revogou a senten\u00e7a que te condenava, afastou os teus inimigos. O Senhor, Rei de Israel, est\u00e1 no meio de ti e j\u00e1 n\u00e3o temer\u00e1s nenhum mal. Naquele dia, dir-se-\u00e1 a Jerusal\u00e9m: \u00abN\u00e3o temas, Si\u00e3o, n\u00e3o desfale\u00e7am as tuas m\u00e3os. O Senhor teu Deus est\u00e1 no meio de ti, como poderoso salvador. Por causa de ti, Ele enche-Se de j\u00fabilo, renova-te com o seu amor, exulta de alegria por tua causa, como nos dias de festa\u00bb.<\/p>\n<p>2.\u00aa LEITURA Filip 4, 4-7<\/p>\n<p>\u00abO Senhor est\u00e1 pr\u00f3ximo\u00bb<\/p>\n<p>Irm\u00e3os: Alegrai-vos sempre no Senhor. Novamente vos digo: alegrai-vos. Seja de todos conhecida a vossa bondade. O Senhor est\u00e1 pr\u00f3ximo. N\u00e3o vos inquieteis com coisa alguma; mas em todas as circunst\u00e2ncias, apresentai os vossos pedidos diante de Deus, com ora\u00e7\u00f5es, s\u00faplicas e ac\u00e7\u00f5es de gra\u00e7as. E a paz de Deus, que est\u00e1 acima de toda a intelig\u00eancia, guardar\u00e1 os vossos cora\u00e7\u00f5es e os vossos pensamentos em Cristo Jesus.<\/p>\n<p>EVANGELHO Lc 3, 10-18<\/p>\n<p>\u00abQue devemos fazer?\u00bb<\/p>\n<p>Naquele tempo, as multid\u00f5es perguntavam a Jo\u00e3o Baptista: \u00abQue devemos fazer?\u00bb. Ele respondia-lhes: \u00abQuem tiver duas t\u00fanicas reparta com quem n\u00e3o tem nenhuma; e quem tiver mantimentos fa\u00e7a o mesmo\u00bb. Vieram tamb\u00e9m alguns publicanos para serem baptizados e disseram: \u00abMestre, que devemos fazer?\u00bb. Jo\u00e3o respondeu-lhes: \u00abN\u00e3o exijais nada al\u00e9m do que vos foi prescrito\u00bb. Perguntavam-lhe tamb\u00e9m os soldados: \u00abE n\u00f3s, que devemos fazer?\u00bb. Ele respondeu-lhes: \u00abN\u00e3o pratiqueis viol\u00eancia com ningu\u00e9m nem denuncieis injustamente; e contentai-vos com o vosso soldo\u00bb. Como o povo estava na expectativa e todos pensavam em seus cora\u00e7\u00f5es se Jo\u00e3o n\u00e3o seria o Messias, ele tomou a palavra e disse a todos: \u00abEu baptizo-vos com \u00e1gua, mas est\u00e1 a chegar quem \u00e9 mais forte do que eu, e eu n\u00e3o sou digno de desatar as correias das suas sand\u00e1lias. Ele baptizar-vos-\u00e1 com o Esp\u00edrito Santo e com o fogo. Tem na m\u00e3o a p\u00e1 para limpar a sua eira e recolher\u00e1 o trigo no seu celeiro; a palha, por\u00e9m, queim\u00e1-la-\u00e1 num fogo que n\u00e3o se apaga\u00bb. Assim, com estas e muitas outras exorta\u00e7\u00f5es, Jo\u00e3o anunciava ao povo a Boa Nova\u00bb.<\/p>\n","protected":false},"excerpt":{"rendered":"<p>Leituras Dominicais<\/p>\n","protected":false},"author":1,"featured_media":0,"comment_status":"open","ping_status":"open","sticky":false,"template":"","format":"standard","meta":{"footnotes":""},"categories":[52],"tags":[],"class_list":["post-21348","post","type-post","status-publish","format-standard","hentry","category-espiritualidade"],"_links":{"self":[{"href":"https:\/\/sites.ecclesia.pt\/cv\/wp-json\/wp\/v2\/posts\/21348","targetHints":{"allow":["GET"]}}],"collection":[{"href":"https:\/\/sites.ecclesia.pt\/cv\/wp-json\/wp\/v2\/posts"}],"about":[{"href":"https:\/\/sites.ecclesia.pt\/cv\/wp-json\/wp\/v2\/types\/post"}],"author":[{"embeddable":true,"href":"https:\/\/sites.ecclesia.pt\/cv\/wp-json\/wp\/v2\/users\/1"}],"replies":[{"embeddable":true,"href":"https:\/\/sites.ecclesia.pt\/cv\/wp-json\/wp\/v2\/comments?post=21348"}],"version-history":[{"count":0,"href":"https:\/\/sites.ecclesia.pt\/cv\/wp-json\/wp\/v2\/posts\/21348\/revisions"}],"wp:attachment":[{"href":"https:\/\/sites.ecclesia.pt\/cv\/wp-json\/wp\/v2\/media?parent=21348"}],"wp:term":[{"taxonomy":"category","embeddable":true,"href":"https:\/\/sites.ecclesia.pt\/cv\/wp-json\/wp\/v2\/categories?post=21348"},{"taxonomy":"post_tag","embeddable":true,"href":"https:\/\/sites.ecclesia.pt\/cv\/wp-json\/wp\/v2\/tags?post=21348"}],"curies":[{"name":"wp","href":"https:\/\/api.w.org\/{rel}","templated":true}]}}