{"id":21395,"date":"2012-11-07T17:10:00","date_gmt":"2012-11-07T17:10:00","guid":{"rendered":"http:\/\/localhost:81\/wp1\/?p=21395"},"modified":"2012-11-07T17:10:00","modified_gmt":"2012-11-07T17:10:00","slug":"anticlericalismo-dos-santos","status":"publish","type":"post","link":"https:\/\/sites.ecclesia.pt\/cv\/anticlericalismo-dos-santos\/","title":{"rendered":"Anticlericalismo dos santos"},"content":{"rendered":"<p>Rir e Pensar <!--more--> Contado por Abb\u00e9 Pierre em 1966:<\/p>\n<p>Na v\u00e9spera da minha ordena\u00e7\u00e3o, quando me confessei ao padre Lubac, na encosta de Fourvi\u00e8re, tinha acabado de ser publicado o seu magn\u00edfico livro \u201cCatholicisme\u201d. Ofereceu-mo. Pedi-lhe que escrevesse qualquer coisa. E escreveu: \u201cAmanh\u00e3, quando estiveres estendido sobre as lajes da capela para a ordena\u00e7\u00e3o, faz apenas um pedido ao Esp\u00edrito Santo. Pede-lhe que te conceda o anticlericalismo dos santos\u201d.<\/p>\n","protected":false},"excerpt":{"rendered":"<p>Rir e Pensar<\/p>\n","protected":false},"author":1,"featured_media":0,"comment_status":"open","ping_status":"open","sticky":false,"template":"","format":"standard","meta":{"footnotes":""},"categories":[52],"tags":[],"class_list":["post-21395","post","type-post","status-publish","format-standard","hentry","category-espiritualidade"],"_links":{"self":[{"href":"https:\/\/sites.ecclesia.pt\/cv\/wp-json\/wp\/v2\/posts\/21395","targetHints":{"allow":["GET"]}}],"collection":[{"href":"https:\/\/sites.ecclesia.pt\/cv\/wp-json\/wp\/v2\/posts"}],"about":[{"href":"https:\/\/sites.ecclesia.pt\/cv\/wp-json\/wp\/v2\/types\/post"}],"author":[{"embeddable":true,"href":"https:\/\/sites.ecclesia.pt\/cv\/wp-json\/wp\/v2\/users\/1"}],"replies":[{"embeddable":true,"href":"https:\/\/sites.ecclesia.pt\/cv\/wp-json\/wp\/v2\/comments?post=21395"}],"version-history":[{"count":0,"href":"https:\/\/sites.ecclesia.pt\/cv\/wp-json\/wp\/v2\/posts\/21395\/revisions"}],"wp:attachment":[{"href":"https:\/\/sites.ecclesia.pt\/cv\/wp-json\/wp\/v2\/media?parent=21395"}],"wp:term":[{"taxonomy":"category","embeddable":true,"href":"https:\/\/sites.ecclesia.pt\/cv\/wp-json\/wp\/v2\/categories?post=21395"},{"taxonomy":"post_tag","embeddable":true,"href":"https:\/\/sites.ecclesia.pt\/cv\/wp-json\/wp\/v2\/tags?post=21395"}],"curies":[{"name":"wp","href":"https:\/\/api.w.org\/{rel}","templated":true}]}}