{"id":21400,"date":"2012-11-22T10:16:00","date_gmt":"2012-11-22T10:16:00","guid":{"rendered":"http:\/\/localhost:81\/wp1\/?p=21400"},"modified":"2012-11-22T10:16:00","modified_gmt":"2012-11-22T10:16:00","slug":"concerto-de-encerramento-dos-festivais-de-outono","status":"publish","type":"post","link":"https:\/\/sites.ecclesia.pt\/cv\/concerto-de-encerramento-dos-festivais-de-outono\/","title":{"rendered":"Concerto de encerramento dos Festivais de Outono"},"content":{"rendered":"<p>Os Festivais de Outono, organizados pela Universidade de Aveiro, encerram no dia 23 de novembro com um concerto no Teatro Aveirense da Orquestra Filarmonia das Beiras e Orquestras de Sopros e Cordas do Departamento de Comunica\u00e7\u00e3o e Arte da UA. Dirige o concerto o maestro Lu\u00eds Carvalho, destacando-se a interpreta\u00e7\u00e3o da soprano Raquel Camarinha.<\/p>\n<p>O programa co concerto \u00e9 muito curioso: \u201cSuite Vertigo\u201d, composta por Bernard Hermann (1911-1975) para o filme \u201cVertigo\u201d, de Hitchcock; \u201cSuite d\u2019 On the Waterfront\u201d, composta por Leonard Bernstein para o filme \u201cH\u00e1 lodo no cais\u201d, de Elias Kazan, e a \u201cSinfonia n,\u00ba 3, dos Cantos Lamentosos\u201d, de Henryk Gorecki (1933-2010).<\/p>\n<p>Concerto de encerramento dos Festivais de Outono, dia 23 de novembro, \u00e0s 21h30, no Teatro Aveirense. Bilhetes a10 (plateia) e 8 (balc\u00e3o) euros.<\/p>\n","protected":false},"excerpt":{"rendered":"<p>Os Festivais de Outono, organizados pela Universidade de Aveiro, encerram no dia 23 de novembro com um concerto no Teatro Aveirense da Orquestra Filarmonia das Beiras e Orquestras de Sopros e Cordas do Departamento de Comunica\u00e7\u00e3o e Arte da UA. Dirige o concerto o maestro Lu\u00eds Carvalho, destacando-se a interpreta\u00e7\u00e3o da soprano Raquel Camarinha. O [&hellip;]<\/p>\n","protected":false},"author":1,"featured_media":0,"comment_status":"open","ping_status":"open","sticky":false,"template":"","format":"standard","meta":{"footnotes":""},"categories":[67],"tags":[],"class_list":["post-21400","post","type-post","status-publish","format-standard","hentry","category-ver-ouvir-sair"],"_links":{"self":[{"href":"https:\/\/sites.ecclesia.pt\/cv\/wp-json\/wp\/v2\/posts\/21400","targetHints":{"allow":["GET"]}}],"collection":[{"href":"https:\/\/sites.ecclesia.pt\/cv\/wp-json\/wp\/v2\/posts"}],"about":[{"href":"https:\/\/sites.ecclesia.pt\/cv\/wp-json\/wp\/v2\/types\/post"}],"author":[{"embeddable":true,"href":"https:\/\/sites.ecclesia.pt\/cv\/wp-json\/wp\/v2\/users\/1"}],"replies":[{"embeddable":true,"href":"https:\/\/sites.ecclesia.pt\/cv\/wp-json\/wp\/v2\/comments?post=21400"}],"version-history":[{"count":0,"href":"https:\/\/sites.ecclesia.pt\/cv\/wp-json\/wp\/v2\/posts\/21400\/revisions"}],"wp:attachment":[{"href":"https:\/\/sites.ecclesia.pt\/cv\/wp-json\/wp\/v2\/media?parent=21400"}],"wp:term":[{"taxonomy":"category","embeddable":true,"href":"https:\/\/sites.ecclesia.pt\/cv\/wp-json\/wp\/v2\/categories?post=21400"},{"taxonomy":"post_tag","embeddable":true,"href":"https:\/\/sites.ecclesia.pt\/cv\/wp-json\/wp\/v2\/tags?post=21400"}],"curies":[{"name":"wp","href":"https:\/\/api.w.org\/{rel}","templated":true}]}}